{"id":16053,"date":"2025-11-14T16:41:53","date_gmt":"2025-11-14T19:41:53","guid":{"rendered":"https:\/\/elconquistadorredloslagos.cl\/test\/?p=16053"},"modified":"2025-11-14T16:41:53","modified_gmt":"2025-11-14T19:41:53","slug":"crece-tension-en-osorno-ante-inminente-cierre-del-polemico-caso-de-maltratos","status":"publish","type":"post","link":"https:\/\/elconquistadorredloslagos.cl\/test\/blog\/2025\/11\/14\/crece-tension-en-osorno-ante-inminente-cierre-del-polemico-caso-de-maltratos\/","title":{"rendered":"Crece tensi\u00f3n en Osorno ante inminente cierre del pol\u00e9mico caso de maltratos"},"content":{"rendered":"\n<p>Los sumarios internos del Hospital Base de Osorno, derivados del caso que sali\u00f3 a la luz en septiembre tras la difusi\u00f3n de im\u00e1genes donde se apreciaban actos calificados como \u201ctorturas\u201d o \u201ctrato vejatorio\u201d contra un funcionario, estar\u00edan pr\u00f3ximos a concluir. Las situaciones denunciadas, ocurridas entre 2018 y 2020, motivaron tambi\u00e9n una investigaci\u00f3n de oficio del Ministerio P\u00fablico que termin\u00f3 con la detenci\u00f3n y formalizaci\u00f3n de cuatro trabajadores del recinto.<\/p>\n\n\n\n<p>El director del hospital, Julio Vargas, explic\u00f3 que los procesos disciplinarios avanzan en paralelo a las diligencias judiciales y que la instituci\u00f3n ha realizado un profundo mea culpa frente a los hechos. A\u00f1adi\u00f3 que se han sostenido conversaciones con agrupaciones de funcionarios para fortalecer los canales de denuncia, mejorar la comunicaci\u00f3n interna y detectar falencias que permitieron que estas pr\u00e1cticas se mantuvieran en el tiempo.<\/p>\n\n\n\n<p>En el \u00e1mbito penal, los cuatro imputados permanecen bajo arresto domiciliario total, luego de que se revocara la prisi\u00f3n preventiva decretada inicialmente para dos de ellos. En paralelo, sigue en curso una investigaci\u00f3n del Ministerio P\u00fablico por la p\u00e9rdida de evidencia vinculada a la primera denuncia presentada por el propio Hospital Base San Jos\u00e9 y el Servicio de Salud Osorno.<\/p>\n","protected":false},"excerpt":{"rendered":"<p>Los sumarios internos del Hospital Base de Osorno, derivados del caso que sali\u00f3 a la luz en septiembre tras la difusi\u00f3n de im\u00e1genes donde se apreciaban actos calificados como \u201ctorturas\u201d..<\/p>\n","protected":false},"author":2,"featured_media":16054,"comment_status":"closed","ping_status":"open","sticky":false,"template":"","format":"standard","meta":{"footnotes":""},"categories":[1,28,55],"tags":[],"class_list":["post-16053","post","type-post","status-publish","format-standard","has-post-thumbnail","hentry","category-acontecer","category-actual","category-osorno"],"rttpg_featured_image_url":{"full":["https:\/\/elconquistadorredloslagos.cl\/test\/wp-content\/uploads\/2025\/11\/IMG-55.jpg",820,460,false],"landscape":["https:\/\/elconquistadorredloslagos.cl\/test\/wp-content\/uploads\/2025\/11\/IMG-55.jpg",820,460,false],"portraits":["https:\/\/elconquistadorredloslagos.cl\/test\/wp-content\/uploads\/2025\/11\/IMG-55.jpg",820,460,false],"thumbnail":["https:\/\/elconquistadorredloslagos.cl\/test\/wp-content\/uploads\/2025\/11\/IMG-55-150x150.jpg",150,150,true],"medium":["https:\/\/elconquistadorredloslagos.cl\/test\/wp-content\/uploads\/2025\/11\/IMG-55-300x168.jpg",300,168,true],"large":["https:\/\/elconquistadorredloslagos.cl\/test\/wp-content\/uploads\/2025\/11\/IMG-55.jpg",820,460,false],"1536x1536":["https:\/\/elconquistadorredloslagos.cl\/test\/wp-content\/uploads\/2025\/11\/IMG-55.jpg",820,460,false],"2048x2048":["https:\/\/elconquistadorredloslagos.cl\/test\/wp-content\/uploads\/2025\/11\/IMG-55.jpg",820,460,false]},"rttpg_author":{"display_name":"ccardenas","author_link":"https:\/\/elconquistadorredloslagos.cl\/test\/blog\/author\/ccardenas\/"},"rttpg_comment":0,"rttpg_category":"<a href=\"https:\/\/elconquistadorredloslagos.cl\/test\/blog\/category\/actual\/acontecer\/\" rel=\"category tag\">Acontecer<\/a> <a href=\"https:\/\/elconquistadorredloslagos.cl\/test\/blog\/category\/actual\/\" rel=\"category tag\">Actualidad<\/a> <a href=\"https:\/\/elconquistadorredloslagos.cl\/test\/blog\/category\/chile\/osorno\/\" rel=\"category tag\">Osorno<\/a>","rttpg_excerpt":"Los sumarios internos del Hospital Base de Osorno, derivados del caso que sali\u00f3 a la luz en septiembre tras la difusi\u00f3n de im\u00e1genes donde se apreciaban actos calificados como \u201ctorturas\u201d..","_links":{"self":[{"href":"https:\/\/elconquistadorredloslagos.cl\/test\/wp-json\/wp\/v2\/posts\/16053","targetHints":{"allow":["GET"]}}],"collection":[{"href":"https:\/\/elconquistadorredloslagos.cl\/test\/wp-json\/wp\/v2\/posts"}],"about":[{"href":"https:\/\/elconquistadorredloslagos.cl\/test\/wp-json\/wp\/v2\/types\/post"}],"author":[{"embeddable":true,"href":"https:\/\/elconquistadorredloslagos.cl\/test\/wp-json\/wp\/v2\/users\/2"}],"replies":[{"embeddable":true,"href":"https:\/\/elconquistadorredloslagos.cl\/test\/wp-json\/wp\/v2\/comments?post=16053"}],"version-history":[{"count":1,"href":"https:\/\/elconquistadorredloslagos.cl\/test\/wp-json\/wp\/v2\/posts\/16053\/revisions"}],"predecessor-version":[{"id":16055,"href":"https:\/\/elconquistadorredloslagos.cl\/test\/wp-json\/wp\/v2\/posts\/16053\/revisions\/16055"}],"wp:featuredmedia":[{"embeddable":true,"href":"https:\/\/elconquistadorredloslagos.cl\/test\/wp-json\/wp\/v2\/media\/16054"}],"wp:attachment":[{"href":"https:\/\/elconquistadorredloslagos.cl\/test\/wp-json\/wp\/v2\/media?parent=16053"}],"wp:term":[{"taxonomy":"category","embeddable":true,"href":"https:\/\/elconquistadorredloslagos.cl\/test\/wp-json\/wp\/v2\/categories?post=16053"},{"taxonomy":"post_tag","embeddable":true,"href":"https:\/\/elconquistadorredloslagos.cl\/test\/wp-json\/wp\/v2\/tags?post=16053"}],"curies":[{"name":"wp","href":"https:\/\/api.w.org\/{rel}","templated":true}]}}