{"id":16029,"date":"2025-11-14T14:37:11","date_gmt":"2025-11-14T17:37:11","guid":{"rendered":"https:\/\/elconquistadorredloslagos.cl\/test\/?p=16029"},"modified":"2025-11-14T14:43:39","modified_gmt":"2025-11-14T17:43:39","slug":"tragedia-en-hualaihue-conmociona-a-la-region","status":"publish","type":"post","link":"https:\/\/elconquistadorredloslagos.cl\/test\/blog\/2025\/11\/14\/tragedia-en-hualaihue-conmociona-a-la-region\/","title":{"rendered":"Tragedia en Hualaihu\u00e9 conmociona a la regi\u00f3n"},"content":{"rendered":"\n<p>Un profundo impacto gener\u00f3 en la provincia de Palena la muerte de un lactante de apenas tres meses, hecho que llev\u00f3 al municipio de Hualaihu\u00e9 a declarar Duelo Comunal. El caso qued\u00f3 al descubierto el domingo, cuando comenzaron las primeras diligencias investigativas por parte de la PDI.<\/p>\n\n\n\n<p>Durante la audiencia realizada en el Juzgado de Garant\u00eda de Hualaihu\u00e9, la jueza (S) Paola Barra orden\u00f3 la prisi\u00f3n preventiva del padre del menor, identificado como S.A.A.M., imputado por los delitos de parricidio y lesiones graves en un contexto de violencia intrafamiliar. Seg\u00fan detall\u00f3 la fiscal Nathalie Yonsson, los hechos se habr\u00edan desarrollado entre octubre y el reciente fin de semana.<\/p>\n\n\n\n<figure class=\"wp-block-audio\"><audio controls src=\"https:\/\/elconquistadorredloslagos.cl\/test\/wp-content\/uploads\/2025\/11\/FISCALIA-X-HUALAIHUE-1.mp3\"><\/audio><\/figure>\n\n\n\n<p>La persecutora precis\u00f3 que la investigaci\u00f3n continuar\u00e1 a cargo de unidades especializadas de la PDI, trabajo que se desarrollar\u00e1 durante los 100 d\u00edas fijados como plazo para la causa. <\/p>\n\n\n\n<figure class=\"wp-block-audio\"><audio controls src=\"https:\/\/elconquistadorredloslagos.cl\/test\/wp-content\/uploads\/2025\/11\/FISCALIA-X-HUALAIHUE-2.mp3\"><\/audio><\/figure>\n\n\n\n<p>En esa l\u00ednea, el subprefecto Cristian Sandoval, jefe de la Prefectura Llanquihue, explic\u00f3 que la Brigada de Homicidios de Puerto Montt reuni\u00f3 los primeros antecedentes que derivaron en la detenci\u00f3n del imputado tras confirmarse el fallecimiento del beb\u00e9.<\/p>\n\n\n\n<figure class=\"wp-block-audio\"><audio controls src=\"https:\/\/elconquistadorredloslagos.cl\/test\/wp-content\/uploads\/2025\/11\/PDI-X-HUALAIHUE.mp3\"><\/audio><\/figure>\n\n\n\n<p>La comunidad permanece consternada mientras avanza una investigaci\u00f3n que busca esclarecer por completo las circunstancias de este estremecedor hecho.<\/p>\n\n\n\n<p>\ud83d\udcf7 Referencial<\/p>\n","protected":false},"excerpt":{"rendered":"<p>Un profundo impacto gener\u00f3 en la provincia de Palena la muerte de un lactante de apenas tres meses, hecho que llev\u00f3 al municipio de Hualaihu\u00e9 a declarar Duelo Comunal. El..<\/p>\n","protected":false},"author":2,"featured_media":16037,"comment_status":"closed","ping_status":"open","sticky":false,"template":"","format":"standard","meta":{"footnotes":""},"categories":[28],"tags":[],"class_list":["post-16029","post","type-post","status-publish","format-standard","has-post-thumbnail","hentry","category-actual"],"rttpg_featured_image_url":{"full":["https:\/\/elconquistadorredloslagos.cl\/test\/wp-content\/uploads\/2025\/11\/IMG-51.jpg",1920,1080,false],"landscape":["https:\/\/elconquistadorredloslagos.cl\/test\/wp-content\/uploads\/2025\/11\/IMG-51.jpg",1920,1080,false],"portraits":["https:\/\/elconquistadorredloslagos.cl\/test\/wp-content\/uploads\/2025\/11\/IMG-51.jpg",1920,1080,false],"thumbnail":["https:\/\/elconquistadorredloslagos.cl\/test\/wp-content\/uploads\/2025\/11\/IMG-51-150x150.jpg",150,150,true],"medium":["https:\/\/elconquistadorredloslagos.cl\/test\/wp-content\/uploads\/2025\/11\/IMG-51-300x169.jpg",300,169,true],"large":["https:\/\/elconquistadorredloslagos.cl\/test\/wp-content\/uploads\/2025\/11\/IMG-51-1024x576.jpg",1024,576,true],"1536x1536":["https:\/\/elconquistadorredloslagos.cl\/test\/wp-content\/uploads\/2025\/11\/IMG-51-1536x864.jpg",1536,864,true],"2048x2048":["https:\/\/elconquistadorredloslagos.cl\/test\/wp-content\/uploads\/2025\/11\/IMG-51.jpg",1920,1080,false]},"rttpg_author":{"display_name":"ccardenas","author_link":"https:\/\/elconquistadorredloslagos.cl\/test\/blog\/author\/ccardenas\/"},"rttpg_comment":0,"rttpg_category":"<a href=\"https:\/\/elconquistadorredloslagos.cl\/test\/blog\/category\/actual\/\" rel=\"category tag\">Actualidad<\/a>","rttpg_excerpt":"Un profundo impacto gener\u00f3 en la provincia de Palena la muerte de un lactante de apenas tres meses, hecho que llev\u00f3 al municipio de Hualaihu\u00e9 a declarar Duelo Comunal. El..","_links":{"self":[{"href":"https:\/\/elconquistadorredloslagos.cl\/test\/wp-json\/wp\/v2\/posts\/16029","targetHints":{"allow":["GET"]}}],"collection":[{"href":"https:\/\/elconquistadorredloslagos.cl\/test\/wp-json\/wp\/v2\/posts"}],"about":[{"href":"https:\/\/elconquistadorredloslagos.cl\/test\/wp-json\/wp\/v2\/types\/post"}],"author":[{"embeddable":true,"href":"https:\/\/elconquistadorredloslagos.cl\/test\/wp-json\/wp\/v2\/users\/2"}],"replies":[{"embeddable":true,"href":"https:\/\/elconquistadorredloslagos.cl\/test\/wp-json\/wp\/v2\/comments?post=16029"}],"version-history":[{"count":1,"href":"https:\/\/elconquistadorredloslagos.cl\/test\/wp-json\/wp\/v2\/posts\/16029\/revisions"}],"predecessor-version":[{"id":16035,"href":"https:\/\/elconquistadorredloslagos.cl\/test\/wp-json\/wp\/v2\/posts\/16029\/revisions\/16035"}],"wp:featuredmedia":[{"embeddable":true,"href":"https:\/\/elconquistadorredloslagos.cl\/test\/wp-json\/wp\/v2\/media\/16037"}],"wp:attachment":[{"href":"https:\/\/elconquistadorredloslagos.cl\/test\/wp-json\/wp\/v2\/media?parent=16029"}],"wp:term":[{"taxonomy":"category","embeddable":true,"href":"https:\/\/elconquistadorredloslagos.cl\/test\/wp-json\/wp\/v2\/categories?post=16029"},{"taxonomy":"post_tag","embeddable":true,"href":"https:\/\/elconquistadorredloslagos.cl\/test\/wp-json\/wp\/v2\/tags?post=16029"}],"curies":[{"name":"wp","href":"https:\/\/api.w.org\/{rel}","templated":true}]}}