{"id":16020,"date":"2025-11-14T12:55:22","date_gmt":"2025-11-14T15:55:22","guid":{"rendered":"https:\/\/elconquistadorredloslagos.cl\/test\/?p=16020"},"modified":"2025-11-14T12:55:23","modified_gmt":"2025-11-14T15:55:23","slug":"sitio-arqueologico-monte-verde-avanza-hacia-su-nominacion-como-patrimonio-mundial-de-la-unesco","status":"publish","type":"post","link":"https:\/\/elconquistadorredloslagos.cl\/test\/blog\/2025\/11\/14\/sitio-arqueologico-monte-verde-avanza-hacia-su-nominacion-como-patrimonio-mundial-de-la-unesco\/","title":{"rendered":"Sitio arqueol\u00f3gico Monte Verde avanza hacia su nominaci\u00f3n como Patrimonio Mundial de la UNESCO"},"content":{"rendered":"\n<p>Autoridades, investigadores y representantes de la Fundaci\u00f3n Monte Verde y la Universidad Austral de Chile (UACh), Sede Puerto Montt, se reunieron en el sitio arqueol\u00f3gico para impulsar su postulaci\u00f3n y fortalecer la colaboraci\u00f3n cient\u00edfica, educativa y patrimonial.<\/p>\n\n\n\n<p>En el marco de la visita de la subsecretaria del Patrimonio Cultural, Carolina P\u00e9rez Dattari, se desarroll\u00f3 una jornada de trabajo en Monte Verde, organizada por la Fundaci\u00f3n Monte Verde junto a la UACh Sede Puerto Montt. La actividad forma parte del proyecto Ruta Estrat\u00e9gica para la Nominaci\u00f3n de Monte Verde como Sitio de Patrimonio Mundial, financiado por el Servicio Nacional del Patrimonio Cultural a trav\u00e9s del Fondo Subsidios de Patrimonio Mundial 2025.<\/p>\n\n\n\n<p>Con m\u00e1s de 14.500 a\u00f1os de antig\u00fcedad, Monte Verde ha transformado la comprensi\u00f3n del poblamiento temprano de Am\u00e9rica y consolidado a Chile como referente arqueol\u00f3gico internacional. Reconocido por su Valor Universal Excepcional, el sitio figura en la Lista Tentativa de la UNESCO desde 2004. Su futura nominaci\u00f3n busca reforzar su protecci\u00f3n, difundir su importancia cient\u00edfica y educativa, y proyectarlo como un patrimonio vivo, en v\u00edsperas del 50\u00b0 aniversario de su descubrimiento (1976\u20132026).<\/p>\n\n\n\n<p>Valor hist\u00f3rico y colaboraci\u00f3n institucional<\/p>\n\n\n\n<p>La subsecretaria P\u00e9rez Dattari destac\u00f3 el significado del sitio:<br>\u201cEs un lugar que nos habla de la historia de la humanidad y del planeta. Nos permite comprender c\u00f3mo vivieron los primeros pobladores de Am\u00e9rica y nos recuerda la importancia de la arqueolog\u00eda para entendernos como comunidad. Trabajar intersectorialmente permite poner en valor este sitio y su relevancia cultural y cient\u00edfica\u201d.<\/p>\n\n\n\n<p>La vicerrectora de la UACh Sede Puerto Montt, Dra. Sylvia Soto Alvarado, resalt\u00f3 el rol universitario en el proceso:<br>\u201cNuestra participaci\u00f3n se centra en la investigaci\u00f3n, la docencia y la divulgaci\u00f3n. Colaborar con la Fundaci\u00f3n Monte Verde nos permite proyectar nuestro trabajo cient\u00edfico internacionalmente y vincularlo con la comunidad local, reforzando nuestro compromiso con la conservaci\u00f3n del patrimonio\u201d.<\/p>\n\n\n\n<p>El arque\u00f3logo Dr. Tom Dillehay, presidente de la Fundaci\u00f3n Monte Verde y l\u00edder hist\u00f3rico de las investigaciones, subray\u00f3 la necesidad de integrar todas las dimensiones del sitio:<br>\u201cEl lugar tiene tres componentes esenciales: el propio sitio, la colecci\u00f3n de artefactos y los documentos cient\u00edficos generados por el equipo interdisciplinario. La universidad y un museo son fundamentales para integrar estos elementos y asegurar su preservaci\u00f3n y estudio\u201d.<\/p>\n\n\n\n<p>La seremi de las Culturas de Los Lagos, Ana Mar\u00eda Santos, puso \u00e9nfasis en la gobernanza del sitio:<br>\u201cEs fundamental unir esfuerzos p\u00fablicos y privados para que Monte Verde se convierta en Patrimonio Mundial, fortaleciendo su cuidado, protecci\u00f3n e investigaci\u00f3n. Este trabajo permitir\u00e1 articular ciencia, educaci\u00f3n patrimonial y gesti\u00f3n territorial de manera sostenible\u201d.<\/p>\n\n\n\n<p>Un trabajo conjunto para la protecci\u00f3n y proyecci\u00f3n del sitio<\/p>\n\n\n\n<p>El encuentro permiti\u00f3 reforzar la colaboraci\u00f3n entre la Fundaci\u00f3n Monte Verde y la UACh Sede Puerto Montt en materia de investigaci\u00f3n, educaci\u00f3n patrimonial y gesti\u00f3n territorial. Esta alianza busca asegurar la protecci\u00f3n del sitio, promover su difusi\u00f3n educativa y consolidar su posici\u00f3n como referente arqueol\u00f3gico internacional.<\/p>\n\n\n\n<p>Actualmente, la UACh Sede Puerto Montt, instituci\u00f3n que imparte la carrera de Arqueolog\u00eda, mantiene un v\u00ednculo directo con Monte Verde mediante el resguardo de m\u00e1s de 2.400 piezas arqueol\u00f3gicas recientemente trasladadas desde la Universidad de Vanderbilt (EE. UU.) y la UACh en Valdivia al Laboratorio y Dep\u00f3sito de Conservaci\u00f3n y Documentaci\u00f3n de la Patagonia. Este retorno constituye un hito relevante, al permitir que los materiales regresen al territorio donde fueron descubiertos y puedan ser estudiados, catalogados y conservados por equipos interdisciplinarios instalados en la regi\u00f3n.<\/p>\n\n\n\n<p>Monte Verde avanza as\u00ed en su proceso de nominaci\u00f3n ante la UNESCO, en un trabajo que combina ciencia, patrimonio y participaci\u00f3n institucional para resguardar uno de los sitios m\u00e1s importantes de la historia temprana de Am\u00e9rica.<\/p>\n","protected":false},"excerpt":{"rendered":"<p>Autoridades, investigadores y representantes de la Fundaci\u00f3n Monte Verde y la Universidad Austral de Chile (UACh), Sede Puerto Montt, se reunieron en el sitio arqueol\u00f3gico para impulsar su postulaci\u00f3n y..<\/p>\n","protected":false},"author":1,"featured_media":16021,"comment_status":"closed","ping_status":"open","sticky":false,"template":"","format":"standard","meta":{"footnotes":""},"categories":[34,52,56],"tags":[],"class_list":["post-16020","post","type-post","status-publish","format-standard","has-post-thumbnail","hentry","category-cultura","category-chile","category-puerto-montt"],"rttpg_featured_image_url":{"full":["https:\/\/elconquistadorredloslagos.cl\/test\/wp-content\/uploads\/2025\/11\/Unesco.jpeg",1600,900,false],"landscape":["https:\/\/elconquistadorredloslagos.cl\/test\/wp-content\/uploads\/2025\/11\/Unesco.jpeg",1600,900,false],"portraits":["https:\/\/elconquistadorredloslagos.cl\/test\/wp-content\/uploads\/2025\/11\/Unesco.jpeg",1600,900,false],"thumbnail":["https:\/\/elconquistadorredloslagos.cl\/test\/wp-content\/uploads\/2025\/11\/Unesco-150x150.jpeg",150,150,true],"medium":["https:\/\/elconquistadorredloslagos.cl\/test\/wp-content\/uploads\/2025\/11\/Unesco-300x169.jpeg",300,169,true],"large":["https:\/\/elconquistadorredloslagos.cl\/test\/wp-content\/uploads\/2025\/11\/Unesco-1024x576.jpeg",1024,576,true],"1536x1536":["https:\/\/elconquistadorredloslagos.cl\/test\/wp-content\/uploads\/2025\/11\/Unesco-1536x864.jpeg",1536,864,true],"2048x2048":["https:\/\/elconquistadorredloslagos.cl\/test\/wp-content\/uploads\/2025\/11\/Unesco.jpeg",1600,900,false]},"rttpg_author":{"display_name":"admin","author_link":"https:\/\/elconquistadorredloslagos.cl\/test\/blog\/author\/admin\/"},"rttpg_comment":0,"rttpg_category":"<a href=\"https:\/\/elconquistadorredloslagos.cl\/test\/blog\/category\/cultura\/\" rel=\"category tag\">Cultural<\/a> <a href=\"https:\/\/elconquistadorredloslagos.cl\/test\/blog\/category\/chile\/\" rel=\"category tag\">Nacional<\/a> <a href=\"https:\/\/elconquistadorredloslagos.cl\/test\/blog\/category\/chile\/puerto-montt\/\" rel=\"category tag\">Puerto Montt<\/a>","rttpg_excerpt":"Autoridades, investigadores y representantes de la Fundaci\u00f3n Monte Verde y la Universidad Austral de Chile (UACh), Sede Puerto Montt, se reunieron en el sitio arqueol\u00f3gico para impulsar su postulaci\u00f3n y..","_links":{"self":[{"href":"https:\/\/elconquistadorredloslagos.cl\/test\/wp-json\/wp\/v2\/posts\/16020","targetHints":{"allow":["GET"]}}],"collection":[{"href":"https:\/\/elconquistadorredloslagos.cl\/test\/wp-json\/wp\/v2\/posts"}],"about":[{"href":"https:\/\/elconquistadorredloslagos.cl\/test\/wp-json\/wp\/v2\/types\/post"}],"author":[{"embeddable":true,"href":"https:\/\/elconquistadorredloslagos.cl\/test\/wp-json\/wp\/v2\/users\/1"}],"replies":[{"embeddable":true,"href":"https:\/\/elconquistadorredloslagos.cl\/test\/wp-json\/wp\/v2\/comments?post=16020"}],"version-history":[{"count":1,"href":"https:\/\/elconquistadorredloslagos.cl\/test\/wp-json\/wp\/v2\/posts\/16020\/revisions"}],"predecessor-version":[{"id":16022,"href":"https:\/\/elconquistadorredloslagos.cl\/test\/wp-json\/wp\/v2\/posts\/16020\/revisions\/16022"}],"wp:featuredmedia":[{"embeddable":true,"href":"https:\/\/elconquistadorredloslagos.cl\/test\/wp-json\/wp\/v2\/media\/16021"}],"wp:attachment":[{"href":"https:\/\/elconquistadorredloslagos.cl\/test\/wp-json\/wp\/v2\/media?parent=16020"}],"wp:term":[{"taxonomy":"category","embeddable":true,"href":"https:\/\/elconquistadorredloslagos.cl\/test\/wp-json\/wp\/v2\/categories?post=16020"},{"taxonomy":"post_tag","embeddable":true,"href":"https:\/\/elconquistadorredloslagos.cl\/test\/wp-json\/wp\/v2\/tags?post=16020"}],"curies":[{"name":"wp","href":"https:\/\/api.w.org\/{rel}","templated":true}]}}