{"id":16009,"date":"2025-11-13T21:19:37","date_gmt":"2025-11-14T00:19:37","guid":{"rendered":"https:\/\/elconquistadorredloslagos.cl\/test\/?p=16009"},"modified":"2025-11-13T21:19:37","modified_gmt":"2025-11-14T00:19:37","slug":"statkraft-cierra-consulta-indigena-tras-mas-de-cuatro-anos-y-se-alista-para-activar-central-los-lagos","status":"publish","type":"post","link":"https:\/\/elconquistadorredloslagos.cl\/test\/blog\/2025\/11\/13\/statkraft-cierra-consulta-indigena-tras-mas-de-cuatro-anos-y-se-alista-para-activar-central-los-lagos\/","title":{"rendered":"Statkraft cierra Consulta Ind\u00edgena tras m\u00e1s de cuatro a\u00f1os y se alista para activar central Los Lagos"},"content":{"rendered":"\n<p>Statkraft Chile valor\u00f3 profundamente la finalizaci\u00f3n del proceso de Consulta Ind\u00edgena que mantuvo en pausa la operaci\u00f3n de la Central Hidroel\u00e9ctrica Los Lagos por m\u00e1s de cuatro a\u00f1os, pese a que el proyecto se encuentra pr\u00e1cticamente terminado y construido bajo los m\u00e1s altos est\u00e1ndares ambientales y t\u00e9cnicos. Con este paso, la compa\u00f1\u00eda da por superada una de las etapas m\u00e1s extensas y complejas de su historia en Chile, reafirmando su compromiso con el di\u00e1logo, la transparencia y el respeto a la institucionalidad.<\/p>\n\n\n\n<p>Durante todo el proceso, la empresa cumpli\u00f3 estrictamente cada una de las exigencias establecidas por las autoridades y mantuvo una disposici\u00f3n permanente a colaborar con las comunidades y el Consejo de Monumentos Nacionales (CMN). Incluso frente a sucesivas suspensiones y reinicios de la consulta \u2014que se prolong\u00f3 por m\u00e1s de 1.400 d\u00edas\u2014 Statkraft mantuvo abiertas sus puertas al di\u00e1logo y desarroll\u00f3 todos los estudios arqueol\u00f3gicos requeridos, garantizando la integridad y protecci\u00f3n del patrimonio cultural presente en la zona.<\/p>\n\n\n\n<p>A pesar de que las demoras implicaron sobrecostos superiores a US$50 millones y la paralizaci\u00f3n de un activo energ\u00e9tico casi operativo, la compa\u00f1\u00eda reiter\u00f3 su convicci\u00f3n de que Chile necesita fortalecer su sistema de permisos para otorgar mayor certeza a proyectos que aportan energ\u00eda limpia, empleo local y desarrollo sustentable. En este sentido, Statkraft ha destacado que la experiencia de Los Lagos debe servir para impulsar mejoras regulatorias que permitan acelerar la transici\u00f3n energ\u00e9tica sin afectar la protecci\u00f3n cultural y ambiental.<\/p>\n\n\n\n<p>Con el cierre del proceso y la definici\u00f3n de los requisitos finales por parte del CMN, Statkraft se prepara para ingresar los antecedentes t\u00e9cnicos restantes y avanzar hacia la obtenci\u00f3n de las autorizaciones que permitir\u00e1n poner en marcha la central. Una vez en operaci\u00f3n, Los Lagos aportar\u00e1 energ\u00eda renovable al Sistema El\u00e9ctrico Nacional, contribuyendo a la descarbonizaci\u00f3n del pa\u00eds y reforzando la infraestructura el\u00e9ctrica de la zona sur.<\/p>\n\n\n\n<p>Statkraft agradeci\u00f3 la disposici\u00f3n de las comunidades que participaron en el proceso, as\u00ed como el trabajo de los equipos t\u00e9cnicos y profesionales que han acompa\u00f1ado el proyecto durante estos a\u00f1os. La empresa reiter\u00f3 que seguir\u00e1 promoviendo un relacionamiento respetuoso, transparente y orientado al beneficio mutuo, manteniendo su compromiso de convertirse en un actor clave en el desarrollo de energ\u00edas renovables en Chile.<\/p>\n","protected":false},"excerpt":{"rendered":"<p>Statkraft Chile valor\u00f3 profundamente la finalizaci\u00f3n del proceso de Consulta Ind\u00edgena que mantuvo en pausa la operaci\u00f3n de la Central Hidroel\u00e9ctrica Los Lagos por m\u00e1s de cuatro a\u00f1os, pese a..<\/p>\n","protected":false},"author":9,"featured_media":16010,"comment_status":"closed","ping_status":"open","sticky":false,"template":"","format":"standard","meta":{"footnotes":""},"categories":[1,28,26,34,25,52,38,27],"tags":[],"class_list":["post-16009","post","type-post","status-publish","format-standard","has-post-thumbnail","hentry","category-acontecer","category-actual","category-comunidad","category-cultura","category-empresas","category-chile","category-politica","category-tecnologia"],"rttpg_featured_image_url":{"full":["https:\/\/elconquistadorredloslagos.cl\/test\/wp-content\/uploads\/2025\/11\/galeria-rucatayo-13.png",1920,1280,false],"landscape":["https:\/\/elconquistadorredloslagos.cl\/test\/wp-content\/uploads\/2025\/11\/galeria-rucatayo-13.png",1920,1280,false],"portraits":["https:\/\/elconquistadorredloslagos.cl\/test\/wp-content\/uploads\/2025\/11\/galeria-rucatayo-13.png",1920,1280,false],"thumbnail":["https:\/\/elconquistadorredloslagos.cl\/test\/wp-content\/uploads\/2025\/11\/galeria-rucatayo-13-150x150.png",150,150,true],"medium":["https:\/\/elconquistadorredloslagos.cl\/test\/wp-content\/uploads\/2025\/11\/galeria-rucatayo-13-300x200.png",300,200,true],"large":["https:\/\/elconquistadorredloslagos.cl\/test\/wp-content\/uploads\/2025\/11\/galeria-rucatayo-13-1024x683.png",1024,683,true],"1536x1536":["https:\/\/elconquistadorredloslagos.cl\/test\/wp-content\/uploads\/2025\/11\/galeria-rucatayo-13-1536x1024.png",1536,1024,true],"2048x2048":["https:\/\/elconquistadorredloslagos.cl\/test\/wp-content\/uploads\/2025\/11\/galeria-rucatayo-13.png",1920,1280,false]},"rttpg_author":{"display_name":"mcifuentes","author_link":"https:\/\/elconquistadorredloslagos.cl\/test\/blog\/author\/mcifuentes\/"},"rttpg_comment":0,"rttpg_category":"<a href=\"https:\/\/elconquistadorredloslagos.cl\/test\/blog\/category\/actual\/acontecer\/\" rel=\"category tag\">Acontecer<\/a> <a href=\"https:\/\/elconquistadorredloslagos.cl\/test\/blog\/category\/actual\/\" rel=\"category tag\">Actualidad<\/a> <a href=\"https:\/\/elconquistadorredloslagos.cl\/test\/blog\/category\/comunidad\/\" rel=\"category tag\">Comunidad<\/a> <a href=\"https:\/\/elconquistadorredloslagos.cl\/test\/blog\/category\/cultura\/\" rel=\"category tag\">Cultural<\/a> <a href=\"https:\/\/elconquistadorredloslagos.cl\/test\/blog\/category\/empresas\/\" rel=\"category tag\">Empresarial<\/a> <a href=\"https:\/\/elconquistadorredloslagos.cl\/test\/blog\/category\/chile\/\" rel=\"category tag\">Nacional<\/a> <a href=\"https:\/\/elconquistadorredloslagos.cl\/test\/blog\/category\/actual\/politica\/\" rel=\"category tag\">Politica<\/a> <a href=\"https:\/\/elconquistadorredloslagos.cl\/test\/blog\/category\/actual\/tecnologia\/\" rel=\"category tag\">Tecnologias<\/a>","rttpg_excerpt":"Statkraft Chile valor\u00f3 profundamente la finalizaci\u00f3n del proceso de Consulta Ind\u00edgena que mantuvo en pausa la operaci\u00f3n de la Central Hidroel\u00e9ctrica Los Lagos por m\u00e1s de cuatro a\u00f1os, pese a..","_links":{"self":[{"href":"https:\/\/elconquistadorredloslagos.cl\/test\/wp-json\/wp\/v2\/posts\/16009","targetHints":{"allow":["GET"]}}],"collection":[{"href":"https:\/\/elconquistadorredloslagos.cl\/test\/wp-json\/wp\/v2\/posts"}],"about":[{"href":"https:\/\/elconquistadorredloslagos.cl\/test\/wp-json\/wp\/v2\/types\/post"}],"author":[{"embeddable":true,"href":"https:\/\/elconquistadorredloslagos.cl\/test\/wp-json\/wp\/v2\/users\/9"}],"replies":[{"embeddable":true,"href":"https:\/\/elconquistadorredloslagos.cl\/test\/wp-json\/wp\/v2\/comments?post=16009"}],"version-history":[{"count":1,"href":"https:\/\/elconquistadorredloslagos.cl\/test\/wp-json\/wp\/v2\/posts\/16009\/revisions"}],"predecessor-version":[{"id":16011,"href":"https:\/\/elconquistadorredloslagos.cl\/test\/wp-json\/wp\/v2\/posts\/16009\/revisions\/16011"}],"wp:featuredmedia":[{"embeddable":true,"href":"https:\/\/elconquistadorredloslagos.cl\/test\/wp-json\/wp\/v2\/media\/16010"}],"wp:attachment":[{"href":"https:\/\/elconquistadorredloslagos.cl\/test\/wp-json\/wp\/v2\/media?parent=16009"}],"wp:term":[{"taxonomy":"category","embeddable":true,"href":"https:\/\/elconquistadorredloslagos.cl\/test\/wp-json\/wp\/v2\/categories?post=16009"},{"taxonomy":"post_tag","embeddable":true,"href":"https:\/\/elconquistadorredloslagos.cl\/test\/wp-json\/wp\/v2\/tags?post=16009"}],"curies":[{"name":"wp","href":"https:\/\/api.w.org\/{rel}","templated":true}]}}