{"id":16008,"date":"2025-11-14T21:29:55","date_gmt":"2025-11-15T00:29:55","guid":{"rendered":"https:\/\/elconquistadorredloslagos.cl\/test\/?p=16008"},"modified":"2025-11-14T21:29:56","modified_gmt":"2025-11-15T00:29:56","slug":"mas-de-15-mil-efectivos-del-ejercito-custodiaran-2-269-locales-en-elecciones-del-16-de-noviembre","status":"publish","type":"post","link":"https:\/\/elconquistadorredloslagos.cl\/test\/blog\/2025\/11\/14\/mas-de-15-mil-efectivos-del-ejercito-custodiaran-2-269-locales-en-elecciones-del-16-de-noviembre\/","title":{"rendered":"M\u00e1s de 15 mil efectivos del Ej\u00e9rcito custodiar\u00e1n 2.269 locales en elecciones del 16 de noviembre"},"content":{"rendered":"\n<p>A partir de este viernes, el <strong>Ej\u00e9rcito de Chile<\/strong> iniciar\u00e1 el despliegue de <strong>15.132 efectivos<\/strong> encargados de la seguridad en <strong>2.269 recintos de votaci\u00f3n<\/strong> a lo largo del pa\u00eds, en el marco de las <strong>elecciones Presidenciales y Parlamentarias<\/strong> que se desarrollar\u00e1n este <strong>domingo 16 de noviembre<\/strong>. El operativo se ejecuta conforme a las disposiciones de la <strong>Ley 18.700<\/strong>, que regula el resguardo del orden p\u00fablico durante los procesos electorales.<\/p>\n\n\n\n<p>La <strong>Regi\u00f3n Metropolitana<\/strong> concentrar\u00e1 la mayor dotaci\u00f3n, con <strong>4.302 militares<\/strong> distribuidos en <strong>656 locales de votaci\u00f3n<\/strong>, bajo la direcci\u00f3n del <strong>General de Divisi\u00f3n Alejandro Ciuffardi K.<\/strong> El <strong>Coronel Paulo Verdejo L.<\/strong>, Jefe de Estado Mayor de la Jefatura de Fuerza regional, subray\u00f3 la relevancia del despliegue: \u201cLa funci\u00f3n principal es asegurar la custodia de los locales y permitir el desarrollo normal del proceso, conforme a la normativa vigente\u201d.<\/p>\n\n\n\n<p>El Ej\u00e9rcito record\u00f3 que, adem\u00e1s de la labor de seguridad en los recintos, existe personal asignado a tareas administrativas y log\u00edsticas que complementa el funcionamiento del dispositivo nacional.<\/p>\n\n\n\n<h3 class=\"wp-block-heading\"><strong>Distribuci\u00f3n territorial del despliegue<\/strong><\/h3>\n\n\n\n<p>El detalle entregado por la instituci\u00f3n es el siguiente:<\/p>\n\n\n\n<ul class=\"wp-block-list\">\n<li><strong>Arica y Parinacota:<\/strong> 378 efectivos en 66 locales<\/li>\n\n\n\n<li><strong>Tarapac\u00e1:<\/strong> 266 en 38 locales<\/li>\n\n\n\n<li><strong>Antofagasta:<\/strong> 560 en 70 locales<\/li>\n\n\n\n<li><strong>Atacama:<\/strong> 258 en 43 locales<\/li>\n\n\n\n<li><strong>Coquimbo:<\/strong> 594 en 99 locales<\/li>\n<\/ul>\n\n\n\n<p>En la zona centro-sur:<\/p>\n\n\n\n<ul class=\"wp-block-list\">\n<li><strong>Valpara\u00edso:<\/strong> 1.032 efectivos en 129 locales<\/li>\n\n\n\n<li><strong>O\u2019Higgins:<\/strong> 1.032 en 172 locales<\/li>\n\n\n\n<li><strong>Maule:<\/strong> 1.674 en 279 locales<\/li>\n\n\n\n<li><strong>\u00d1uble:<\/strong> 642 en 107 locales<\/li>\n\n\n\n<li><strong>Biob\u00edo:<\/strong> 534 en 89 locales<\/li>\n<\/ul>\n\n\n\n<p>En el sur del pa\u00eds:<\/p>\n\n\n\n<ul class=\"wp-block-list\">\n<li><strong>La Araucan\u00eda:<\/strong> 1.992 efectivos en 249 locales<\/li>\n\n\n\n<li><strong>Los R\u00edos:<\/strong> 630 en 105 locales<\/li>\n\n\n\n<li><strong>Los Lagos:<\/strong> 558 en 93 locales<\/li>\n\n\n\n<li><strong>Ays\u00e9n:<\/strong> 360 en 45 locales<\/li>\n\n\n\n<li><strong>Magallanes y Ant\u00e1rtica Chilena:<\/strong> 384 en 32 locales<\/li>\n<\/ul>\n\n\n\n<p>La <strong>Direcci\u00f3n de Comunicaciones Estrat\u00e9gicas del Ej\u00e9rcito<\/strong> afirm\u00f3 que la instituci\u00f3n cumple este rol para <strong>garantizar que la ciudadan\u00eda pueda ejercer su deber c\u00edvico con normalidad<\/strong>, en estricto apego a la Constituci\u00f3n y las leyes.<\/p>\n","protected":false},"excerpt":{"rendered":"<p>A partir de este viernes, el Ej\u00e9rcito de Chile iniciar\u00e1 el despliegue de 15.132 efectivos encargados de la seguridad en 2.269 recintos de votaci\u00f3n a lo largo del pa\u00eds, en..<\/p>\n","protected":false},"author":9,"featured_media":16072,"comment_status":"closed","ping_status":"open","sticky":false,"template":"","format":"standard","meta":{"footnotes":""},"categories":[28],"tags":[],"class_list":["post-16008","post","type-post","status-publish","format-standard","has-post-thumbnail","hentry","category-actual"],"rttpg_featured_image_url":{"full":["https:\/\/elconquistadorredloslagos.cl\/test\/wp-content\/uploads\/2025\/11\/elecciones.jpeg",1600,890,false],"landscape":["https:\/\/elconquistadorredloslagos.cl\/test\/wp-content\/uploads\/2025\/11\/elecciones.jpeg",1600,890,false],"portraits":["https:\/\/elconquistadorredloslagos.cl\/test\/wp-content\/uploads\/2025\/11\/elecciones.jpeg",1600,890,false],"thumbnail":["https:\/\/elconquistadorredloslagos.cl\/test\/wp-content\/uploads\/2025\/11\/elecciones-150x150.jpeg",150,150,true],"medium":["https:\/\/elconquistadorredloslagos.cl\/test\/wp-content\/uploads\/2025\/11\/elecciones-300x167.jpeg",300,167,true],"large":["https:\/\/elconquistadorredloslagos.cl\/test\/wp-content\/uploads\/2025\/11\/elecciones-1024x570.jpeg",1024,570,true],"1536x1536":["https:\/\/elconquistadorredloslagos.cl\/test\/wp-content\/uploads\/2025\/11\/elecciones-1536x854.jpeg",1536,854,true],"2048x2048":["https:\/\/elconquistadorredloslagos.cl\/test\/wp-content\/uploads\/2025\/11\/elecciones.jpeg",1600,890,false]},"rttpg_author":{"display_name":"mcifuentes","author_link":"https:\/\/elconquistadorredloslagos.cl\/test\/blog\/author\/mcifuentes\/"},"rttpg_comment":0,"rttpg_category":"<a href=\"https:\/\/elconquistadorredloslagos.cl\/test\/blog\/category\/actual\/\" rel=\"category tag\">Actualidad<\/a>","rttpg_excerpt":"A partir de este viernes, el Ej\u00e9rcito de Chile iniciar\u00e1 el despliegue de 15.132 efectivos encargados de la seguridad en 2.269 recintos de votaci\u00f3n a lo largo del pa\u00eds, en..","_links":{"self":[{"href":"https:\/\/elconquistadorredloslagos.cl\/test\/wp-json\/wp\/v2\/posts\/16008","targetHints":{"allow":["GET"]}}],"collection":[{"href":"https:\/\/elconquistadorredloslagos.cl\/test\/wp-json\/wp\/v2\/posts"}],"about":[{"href":"https:\/\/elconquistadorredloslagos.cl\/test\/wp-json\/wp\/v2\/types\/post"}],"author":[{"embeddable":true,"href":"https:\/\/elconquistadorredloslagos.cl\/test\/wp-json\/wp\/v2\/users\/9"}],"replies":[{"embeddable":true,"href":"https:\/\/elconquistadorredloslagos.cl\/test\/wp-json\/wp\/v2\/comments?post=16008"}],"version-history":[{"count":1,"href":"https:\/\/elconquistadorredloslagos.cl\/test\/wp-json\/wp\/v2\/posts\/16008\/revisions"}],"predecessor-version":[{"id":16074,"href":"https:\/\/elconquistadorredloslagos.cl\/test\/wp-json\/wp\/v2\/posts\/16008\/revisions\/16074"}],"wp:featuredmedia":[{"embeddable":true,"href":"https:\/\/elconquistadorredloslagos.cl\/test\/wp-json\/wp\/v2\/media\/16072"}],"wp:attachment":[{"href":"https:\/\/elconquistadorredloslagos.cl\/test\/wp-json\/wp\/v2\/media?parent=16008"}],"wp:term":[{"taxonomy":"category","embeddable":true,"href":"https:\/\/elconquistadorredloslagos.cl\/test\/wp-json\/wp\/v2\/categories?post=16008"},{"taxonomy":"post_tag","embeddable":true,"href":"https:\/\/elconquistadorredloslagos.cl\/test\/wp-json\/wp\/v2\/tags?post=16008"}],"curies":[{"name":"wp","href":"https:\/\/api.w.org\/{rel}","templated":true}]}}