{"id":16000,"date":"2025-11-13T18:11:21","date_gmt":"2025-11-13T21:11:21","guid":{"rendered":"https:\/\/elconquistadorredloslagos.cl\/test\/?p=16000"},"modified":"2025-11-13T18:11:22","modified_gmt":"2025-11-13T21:11:22","slug":"padre-queda-en-prision-preventiva-tras-ser-formalizado-por-lesiones-graves-y-parricidio-en-hualaihue","status":"publish","type":"post","link":"https:\/\/elconquistadorredloslagos.cl\/test\/blog\/2025\/11\/13\/padre-queda-en-prision-preventiva-tras-ser-formalizado-por-lesiones-graves-y-parricidio-en-hualaihue\/","title":{"rendered":"Padre queda en prisi\u00f3n preventiva tras ser formalizado por lesiones graves y parricidio en Hualaihu\u00e9"},"content":{"rendered":"\n<p>El Juzgado de Garant\u00eda de Hualaihu\u00e9 decret\u00f3 prisi\u00f3n preventiva para Sergio Alexis Anti\u00f1irre Montiel, imputado por la muerte de su hijo de tres meses, luego de que este jueves la Fiscal\u00eda formalizara cargos por lesiones graves en contexto de violencia intrafamiliar y parricidio. La medida se adopt\u00f3 tras la ampliaci\u00f3n de la detenci\u00f3n autorizada el lunes, cuando el hombre fue arrestado por su presunta responsabilidad en el fatal episodio.<\/p>\n\n\n\n<p>La fiscal Nathalie Yonsson detall\u00f3 que la investigaci\u00f3n revela dos agresiones distintas. La primera habr\u00eda ocurrido en octubre, cuando el lactante qued\u00f3 al cuidado de su padre y termin\u00f3 con fracturas costales calificadas como lesiones graves. El segundo hecho, registrado el 8 de noviembre, corresponder\u00eda a un episodio de violencia extrema en el que el beb\u00e9 fue sacudido con fuerza, provoc\u00e1ndole lesiones craneales severas.<\/p>\n\n\n\n<p>Seg\u00fan la persecutora, el menor falleci\u00f3 el 10 de noviembre a ra\u00edz del denominado \u201cs\u00edndrome del ni\u00f1o sacudido\u201d, cuadro que le ocasion\u00f3 un da\u00f1o irreversible. Yonsson lament\u00f3 profundamente la muerte del lactante y confirm\u00f3 que la Brigada de Homicidios de la PDI y el Servicio M\u00e9dico Legal de Puerto Montt est\u00e1n a cargo de las diligencias.<\/p>\n\n\n\n<p>La jueza (s) Paola Barra estim\u00f3 que el imputado constituye un peligro para la seguridad de la sociedad y fij\u00f3 un plazo de 100 d\u00edas para el desarrollo de la investigaci\u00f3n.<\/p>\n\n\n\n<p>\ud83d\udcf7 <a href=\"https:\/\/www.facebook.com\/PoderJudicialdeChile?__tn__=-UC*F\">Poder Judicial de Chile<\/a> &#8211; Facebook<\/p>\n","protected":false},"excerpt":{"rendered":"<p>El Juzgado de Garant\u00eda de Hualaihu\u00e9 decret\u00f3 prisi\u00f3n preventiva para Sergio Alexis Anti\u00f1irre Montiel, imputado por la muerte de su hijo de tres meses, luego de que este jueves la..<\/p>\n","protected":false},"author":2,"featured_media":16001,"comment_status":"closed","ping_status":"open","sticky":false,"template":"","format":"standard","meta":{"footnotes":""},"categories":[1,28],"tags":[],"class_list":["post-16000","post","type-post","status-publish","format-standard","has-post-thumbnail","hentry","category-acontecer","category-actual"],"rttpg_featured_image_url":{"full":["https:\/\/elconquistadorredloslagos.cl\/test\/wp-content\/uploads\/2025\/11\/Sin-titulo-1-8.jpg",1920,1080,false],"landscape":["https:\/\/elconquistadorredloslagos.cl\/test\/wp-content\/uploads\/2025\/11\/Sin-titulo-1-8.jpg",1920,1080,false],"portraits":["https:\/\/elconquistadorredloslagos.cl\/test\/wp-content\/uploads\/2025\/11\/Sin-titulo-1-8.jpg",1920,1080,false],"thumbnail":["https:\/\/elconquistadorredloslagos.cl\/test\/wp-content\/uploads\/2025\/11\/Sin-titulo-1-8-150x150.jpg",150,150,true],"medium":["https:\/\/elconquistadorredloslagos.cl\/test\/wp-content\/uploads\/2025\/11\/Sin-titulo-1-8-300x169.jpg",300,169,true],"large":["https:\/\/elconquistadorredloslagos.cl\/test\/wp-content\/uploads\/2025\/11\/Sin-titulo-1-8-1024x576.jpg",1024,576,true],"1536x1536":["https:\/\/elconquistadorredloslagos.cl\/test\/wp-content\/uploads\/2025\/11\/Sin-titulo-1-8-1536x864.jpg",1536,864,true],"2048x2048":["https:\/\/elconquistadorredloslagos.cl\/test\/wp-content\/uploads\/2025\/11\/Sin-titulo-1-8.jpg",1920,1080,false]},"rttpg_author":{"display_name":"ccardenas","author_link":"https:\/\/elconquistadorredloslagos.cl\/test\/blog\/author\/ccardenas\/"},"rttpg_comment":0,"rttpg_category":"<a href=\"https:\/\/elconquistadorredloslagos.cl\/test\/blog\/category\/actual\/acontecer\/\" rel=\"category tag\">Acontecer<\/a> <a href=\"https:\/\/elconquistadorredloslagos.cl\/test\/blog\/category\/actual\/\" rel=\"category tag\">Actualidad<\/a>","rttpg_excerpt":"El Juzgado de Garant\u00eda de Hualaihu\u00e9 decret\u00f3 prisi\u00f3n preventiva para Sergio Alexis Anti\u00f1irre Montiel, imputado por la muerte de su hijo de tres meses, luego de que este jueves la..","_links":{"self":[{"href":"https:\/\/elconquistadorredloslagos.cl\/test\/wp-json\/wp\/v2\/posts\/16000","targetHints":{"allow":["GET"]}}],"collection":[{"href":"https:\/\/elconquistadorredloslagos.cl\/test\/wp-json\/wp\/v2\/posts"}],"about":[{"href":"https:\/\/elconquistadorredloslagos.cl\/test\/wp-json\/wp\/v2\/types\/post"}],"author":[{"embeddable":true,"href":"https:\/\/elconquistadorredloslagos.cl\/test\/wp-json\/wp\/v2\/users\/2"}],"replies":[{"embeddable":true,"href":"https:\/\/elconquistadorredloslagos.cl\/test\/wp-json\/wp\/v2\/comments?post=16000"}],"version-history":[{"count":1,"href":"https:\/\/elconquistadorredloslagos.cl\/test\/wp-json\/wp\/v2\/posts\/16000\/revisions"}],"predecessor-version":[{"id":16002,"href":"https:\/\/elconquistadorredloslagos.cl\/test\/wp-json\/wp\/v2\/posts\/16000\/revisions\/16002"}],"wp:featuredmedia":[{"embeddable":true,"href":"https:\/\/elconquistadorredloslagos.cl\/test\/wp-json\/wp\/v2\/media\/16001"}],"wp:attachment":[{"href":"https:\/\/elconquistadorredloslagos.cl\/test\/wp-json\/wp\/v2\/media?parent=16000"}],"wp:term":[{"taxonomy":"category","embeddable":true,"href":"https:\/\/elconquistadorredloslagos.cl\/test\/wp-json\/wp\/v2\/categories?post=16000"},{"taxonomy":"post_tag","embeddable":true,"href":"https:\/\/elconquistadorredloslagos.cl\/test\/wp-json\/wp\/v2\/tags?post=16000"}],"curies":[{"name":"wp","href":"https:\/\/api.w.org\/{rel}","templated":true}]}}