{"id":15999,"date":"2025-11-13T18:12:35","date_gmt":"2025-11-13T21:12:35","guid":{"rendered":"https:\/\/elconquistadorredloslagos.cl\/test\/?p=15999"},"modified":"2025-11-13T18:12:36","modified_gmt":"2025-11-13T21:12:36","slug":"dolar-baja-los-930-por-primera-vez-en-cuatro-meses-ante-repunte-del-cobre","status":"publish","type":"post","link":"https:\/\/elconquistadorredloslagos.cl\/test\/blog\/2025\/11\/13\/dolar-baja-los-930-por-primera-vez-en-cuatro-meses-ante-repunte-del-cobre\/","title":{"rendered":"D\u00f3lar baja los $930 por primera vez en cuatro meses ante repunte del cobre"},"content":{"rendered":"\n<p>El <strong>d\u00f3lar cerr\u00f3 este jueves con una nueva ca\u00edda en el mercado cambiario chileno<\/strong>, quebrando la barrera de los <strong>$930 por primera vez en m\u00e1s de cuatro meses<\/strong>, en medio de un escenario externo favorable para las monedas emergentes y de un alza en el precio del cobre.<\/p>\n\n\n\n<p>La divisa estadounidense <strong>retrocedi\u00f3 $3,9<\/strong>, finalizando en <strong>$926,9 vendedor y $926,6 comprador<\/strong>, seg\u00fan datos del mercado local. Con esto, el billete verde complet\u00f3 <strong>cuatro jornadas consecutivas de bajas<\/strong>.<\/p>\n\n\n\n<p>El movimiento responde a <strong>expectativas internacionales<\/strong> de que la <strong>Reserva Federal (Fed)<\/strong> podr\u00eda <strong>iniciar recortes de tasas de inter\u00e9s<\/strong> en su reuni\u00f3n del pr\u00f3ximo <strong>10 de diciembre<\/strong>, lo que ha debilitado al d\u00f3lar a nivel global.<\/p>\n\n\n\n<p>En el \u00e1mbito interno, el mercado se mantiene atento al <strong>proceso electoral presidencial<\/strong> que se desarrollar\u00e1 el <strong>domingo 16 de noviembre<\/strong>, lo que a\u00f1ade un elemento de cautela e incertidumbre temporal en las operaciones cambiarias.<\/p>\n\n\n\n<p>El repunte del <strong>precio del cobre<\/strong>, principal producto de exportaci\u00f3n del pa\u00eds, tambi\u00e9n ha contribuido a fortalecer al peso chileno en los \u00faltimos d\u00edas, consolidando la tendencia bajista del tipo de cambio.<\/p>\n","protected":false},"excerpt":{"rendered":"<p>El d\u00f3lar cerr\u00f3 este jueves con una nueva ca\u00edda en el mercado cambiario chileno, quebrando la barrera de los $930 por primera vez en m\u00e1s de cuatro meses, en medio..<\/p>\n","protected":false},"author":9,"featured_media":16003,"comment_status":"closed","ping_status":"open","sticky":false,"template":"","format":"standard","meta":{"footnotes":""},"categories":[1,28,53,52,38,29],"tags":[],"class_list":["post-15999","post","type-post","status-publish","format-standard","has-post-thumbnail","hentry","category-acontecer","category-actual","category-mundo","category-chile","category-politica","category-turismo"],"rttpg_featured_image_url":{"full":["https:\/\/elconquistadorredloslagos.cl\/test\/wp-content\/uploads\/2025\/11\/dolar-hoy.jpg",1884,1080,false],"landscape":["https:\/\/elconquistadorredloslagos.cl\/test\/wp-content\/uploads\/2025\/11\/dolar-hoy.jpg",1884,1080,false],"portraits":["https:\/\/elconquistadorredloslagos.cl\/test\/wp-content\/uploads\/2025\/11\/dolar-hoy.jpg",1884,1080,false],"thumbnail":["https:\/\/elconquistadorredloslagos.cl\/test\/wp-content\/uploads\/2025\/11\/dolar-hoy-150x150.jpg",150,150,true],"medium":["https:\/\/elconquistadorredloslagos.cl\/test\/wp-content\/uploads\/2025\/11\/dolar-hoy-300x172.jpg",300,172,true],"large":["https:\/\/elconquistadorredloslagos.cl\/test\/wp-content\/uploads\/2025\/11\/dolar-hoy-1024x587.jpg",1024,587,true],"1536x1536":["https:\/\/elconquistadorredloslagos.cl\/test\/wp-content\/uploads\/2025\/11\/dolar-hoy-1536x881.jpg",1536,881,true],"2048x2048":["https:\/\/elconquistadorredloslagos.cl\/test\/wp-content\/uploads\/2025\/11\/dolar-hoy.jpg",1884,1080,false]},"rttpg_author":{"display_name":"mcifuentes","author_link":"https:\/\/elconquistadorredloslagos.cl\/test\/blog\/author\/mcifuentes\/"},"rttpg_comment":0,"rttpg_category":"<a href=\"https:\/\/elconquistadorredloslagos.cl\/test\/blog\/category\/actual\/acontecer\/\" rel=\"category tag\">Acontecer<\/a> <a href=\"https:\/\/elconquistadorredloslagos.cl\/test\/blog\/category\/actual\/\" rel=\"category tag\">Actualidad<\/a> <a href=\"https:\/\/elconquistadorredloslagos.cl\/test\/blog\/category\/mundo\/\" rel=\"category tag\">Internacional<\/a> <a href=\"https:\/\/elconquistadorredloslagos.cl\/test\/blog\/category\/chile\/\" rel=\"category tag\">Nacional<\/a> <a href=\"https:\/\/elconquistadorredloslagos.cl\/test\/blog\/category\/actual\/politica\/\" rel=\"category tag\">Politica<\/a> <a href=\"https:\/\/elconquistadorredloslagos.cl\/test\/blog\/category\/actual\/turismo\/\" rel=\"category tag\">Turismo<\/a>","rttpg_excerpt":"El d\u00f3lar cerr\u00f3 este jueves con una nueva ca\u00edda en el mercado cambiario chileno, quebrando la barrera de los $930 por primera vez en m\u00e1s de cuatro meses, en medio..","_links":{"self":[{"href":"https:\/\/elconquistadorredloslagos.cl\/test\/wp-json\/wp\/v2\/posts\/15999","targetHints":{"allow":["GET"]}}],"collection":[{"href":"https:\/\/elconquistadorredloslagos.cl\/test\/wp-json\/wp\/v2\/posts"}],"about":[{"href":"https:\/\/elconquistadorredloslagos.cl\/test\/wp-json\/wp\/v2\/types\/post"}],"author":[{"embeddable":true,"href":"https:\/\/elconquistadorredloslagos.cl\/test\/wp-json\/wp\/v2\/users\/9"}],"replies":[{"embeddable":true,"href":"https:\/\/elconquistadorredloslagos.cl\/test\/wp-json\/wp\/v2\/comments?post=15999"}],"version-history":[{"count":1,"href":"https:\/\/elconquistadorredloslagos.cl\/test\/wp-json\/wp\/v2\/posts\/15999\/revisions"}],"predecessor-version":[{"id":16004,"href":"https:\/\/elconquistadorredloslagos.cl\/test\/wp-json\/wp\/v2\/posts\/15999\/revisions\/16004"}],"wp:featuredmedia":[{"embeddable":true,"href":"https:\/\/elconquistadorredloslagos.cl\/test\/wp-json\/wp\/v2\/media\/16003"}],"wp:attachment":[{"href":"https:\/\/elconquistadorredloslagos.cl\/test\/wp-json\/wp\/v2\/media?parent=15999"}],"wp:term":[{"taxonomy":"category","embeddable":true,"href":"https:\/\/elconquistadorredloslagos.cl\/test\/wp-json\/wp\/v2\/categories?post=15999"},{"taxonomy":"post_tag","embeddable":true,"href":"https:\/\/elconquistadorredloslagos.cl\/test\/wp-json\/wp\/v2\/tags?post=15999"}],"curies":[{"name":"wp","href":"https:\/\/api.w.org\/{rel}","templated":true}]}}