{"id":15987,"date":"2025-11-13T17:27:39","date_gmt":"2025-11-13T20:27:39","guid":{"rendered":"https:\/\/elconquistadorredloslagos.cl\/test\/?p=15987"},"modified":"2025-11-13T17:27:40","modified_gmt":"2025-11-13T20:27:40","slug":"televigilancia-detecta-a-sujeto-con-arma-blanca-en-mirasol","status":"publish","type":"post","link":"https:\/\/elconquistadorredloslagos.cl\/test\/blog\/2025\/11\/13\/televigilancia-detecta-a-sujeto-con-arma-blanca-en-mirasol\/","title":{"rendered":"Televigilancia detecta a sujeto con arma blanca en Mirasol"},"content":{"rendered":"\n<p>Un hombre fue detenido en el sector Mirasol de Puerto Montt luego de ser detectado por las c\u00e1maras de la Central de Televigilancia Municipal, las que registraron a un sujeto manipulando un arma blanca tipo sable durante la tarde del mi\u00e9rcoles. Tras la alerta, Carabineros acudi\u00f3 r\u00e1pidamente al lugar y concret\u00f3 su arresto en un operativo coordinado con el municipio.<\/p>\n\n\n\n<p>La directora de Seguridad P\u00fablica de Puerto Montt, Soledad Escobar, destac\u00f3 la efectividad del trabajo conjunto entre ambas instituciones, se\u00f1alando que la r\u00e1pida acci\u00f3n demuestra el nivel de coordinaci\u00f3n existente para responder a situaciones que puedan poner en riesgo a la comunidad.<\/p>\n\n\n\n<p>Seg\u00fan explic\u00f3, este tipo de procedimientos se enmarca en una estrategia que busca reforzar la prevenci\u00f3n y fortalecer la capacidad de respuesta ante hechos delictivos.<\/p>\n\n\n\n<p>El esfuerzo colaborativo se suma a las acciones que la Municipalidad realiza junto a los organismos encargados de la seguridad en la comuna. De hecho, el martes Escobar sostuvo una reuni\u00f3n con la seremi de Seguridad P\u00fablica, Patricia Rada, y el mayor Robinson Sandoval, comisario de la Segunda Comisar\u00eda, con el fin de avanzar en un plan com\u00fan orientado a la protecci\u00f3n de los barrios y a la organizaci\u00f3n de operativos de fiscalizaci\u00f3n.<\/p>\n\n\n\n<p>En la instancia tambi\u00e9n participaron las direcciones de Tr\u00e1nsito, Medio Ambiente, Aseo y Ornato, y Rentas y Patentes, reafirmando el compromiso municipal con una estrategia integral de seguridad.<\/p>\n\n\n\n<p>AQU\u00cd EL REGISTRO \ud83c\udfa5<\/p>\n\n\n\n<figure class=\"wp-block-video\"><video height=\"1080\" style=\"aspect-ratio: 1920 \/ 1080;\" width=\"1920\" controls src=\"https:\/\/elconquistadorredloslagos.cl\/test\/wp-content\/uploads\/2025\/11\/pto-montt.mp4\"><\/video><\/figure>\n","protected":false},"excerpt":{"rendered":"<p>Un hombre fue detenido en el sector Mirasol de Puerto Montt luego de ser detectado por las c\u00e1maras de la Central de Televigilancia Municipal, las que registraron a un sujeto..<\/p>\n","protected":false},"author":2,"featured_media":15989,"comment_status":"closed","ping_status":"open","sticky":false,"template":"","format":"standard","meta":{"footnotes":""},"categories":[1,28,56],"tags":[],"class_list":["post-15987","post","type-post","status-publish","format-standard","has-post-thumbnail","hentry","category-acontecer","category-actual","category-puerto-montt"],"rttpg_featured_image_url":{"full":["https:\/\/elconquistadorredloslagos.cl\/test\/wp-content\/uploads\/2025\/11\/Sin-titulo-1-7.jpg",1920,1080,false],"landscape":["https:\/\/elconquistadorredloslagos.cl\/test\/wp-content\/uploads\/2025\/11\/Sin-titulo-1-7.jpg",1920,1080,false],"portraits":["https:\/\/elconquistadorredloslagos.cl\/test\/wp-content\/uploads\/2025\/11\/Sin-titulo-1-7.jpg",1920,1080,false],"thumbnail":["https:\/\/elconquistadorredloslagos.cl\/test\/wp-content\/uploads\/2025\/11\/Sin-titulo-1-7-150x150.jpg",150,150,true],"medium":["https:\/\/elconquistadorredloslagos.cl\/test\/wp-content\/uploads\/2025\/11\/Sin-titulo-1-7-300x169.jpg",300,169,true],"large":["https:\/\/elconquistadorredloslagos.cl\/test\/wp-content\/uploads\/2025\/11\/Sin-titulo-1-7-1024x576.jpg",1024,576,true],"1536x1536":["https:\/\/elconquistadorredloslagos.cl\/test\/wp-content\/uploads\/2025\/11\/Sin-titulo-1-7-1536x864.jpg",1536,864,true],"2048x2048":["https:\/\/elconquistadorredloslagos.cl\/test\/wp-content\/uploads\/2025\/11\/Sin-titulo-1-7.jpg",1920,1080,false]},"rttpg_author":{"display_name":"ccardenas","author_link":"https:\/\/elconquistadorredloslagos.cl\/test\/blog\/author\/ccardenas\/"},"rttpg_comment":0,"rttpg_category":"<a href=\"https:\/\/elconquistadorredloslagos.cl\/test\/blog\/category\/actual\/acontecer\/\" rel=\"category tag\">Acontecer<\/a> <a href=\"https:\/\/elconquistadorredloslagos.cl\/test\/blog\/category\/actual\/\" rel=\"category tag\">Actualidad<\/a> <a href=\"https:\/\/elconquistadorredloslagos.cl\/test\/blog\/category\/chile\/puerto-montt\/\" rel=\"category tag\">Puerto Montt<\/a>","rttpg_excerpt":"Un hombre fue detenido en el sector Mirasol de Puerto Montt luego de ser detectado por las c\u00e1maras de la Central de Televigilancia Municipal, las que registraron a un sujeto..","_links":{"self":[{"href":"https:\/\/elconquistadorredloslagos.cl\/test\/wp-json\/wp\/v2\/posts\/15987","targetHints":{"allow":["GET"]}}],"collection":[{"href":"https:\/\/elconquistadorredloslagos.cl\/test\/wp-json\/wp\/v2\/posts"}],"about":[{"href":"https:\/\/elconquistadorredloslagos.cl\/test\/wp-json\/wp\/v2\/types\/post"}],"author":[{"embeddable":true,"href":"https:\/\/elconquistadorredloslagos.cl\/test\/wp-json\/wp\/v2\/users\/2"}],"replies":[{"embeddable":true,"href":"https:\/\/elconquistadorredloslagos.cl\/test\/wp-json\/wp\/v2\/comments?post=15987"}],"version-history":[{"count":1,"href":"https:\/\/elconquistadorredloslagos.cl\/test\/wp-json\/wp\/v2\/posts\/15987\/revisions"}],"predecessor-version":[{"id":15995,"href":"https:\/\/elconquistadorredloslagos.cl\/test\/wp-json\/wp\/v2\/posts\/15987\/revisions\/15995"}],"wp:featuredmedia":[{"embeddable":true,"href":"https:\/\/elconquistadorredloslagos.cl\/test\/wp-json\/wp\/v2\/media\/15989"}],"wp:attachment":[{"href":"https:\/\/elconquistadorredloslagos.cl\/test\/wp-json\/wp\/v2\/media?parent=15987"}],"wp:term":[{"taxonomy":"category","embeddable":true,"href":"https:\/\/elconquistadorredloslagos.cl\/test\/wp-json\/wp\/v2\/categories?post=15987"},{"taxonomy":"post_tag","embeddable":true,"href":"https:\/\/elconquistadorredloslagos.cl\/test\/wp-json\/wp\/v2\/tags?post=15987"}],"curies":[{"name":"wp","href":"https:\/\/api.w.org\/{rel}","templated":true}]}}