{"id":15823,"date":"2025-11-08T06:53:51","date_gmt":"2025-11-08T09:53:51","guid":{"rendered":"https:\/\/elconquistadorredloslagos.cl\/test\/?p=15823"},"modified":"2025-11-08T07:02:26","modified_gmt":"2025-11-08T10:02:26","slug":"gerente-de-aproleche-osorno-fue-reconocida-entre-las-100-mujeres-lideres-2025","status":"publish","type":"post","link":"https:\/\/elconquistadorredloslagos.cl\/test\/blog\/2025\/11\/08\/gerente-de-aproleche-osorno-fue-reconocida-entre-las-100-mujeres-lideres-2025\/","title":{"rendered":"Gerente de Aproleche Osorno fue reconocida entre las 100 Mujeres L\u00edderes 2025"},"content":{"rendered":"\n<h3 class=\"wp-block-heading\">La gerente de la <strong>Asociaci\u00f3n Gremial de Productores de Leche de Osorno (Aproleche)<\/strong>, <strong>Anita Jans Sauterel<\/strong>, fue distinguida como una de las <strong>100 Mujeres L\u00edderes 2025<\/strong>, reconocimiento otorgado por <strong>El Mercurio<\/strong> y <strong>Mujeres Empresarias<\/strong>, que busca visibilizar y destacar el liderazgo femenino en distintos \u00e1mbitos del pa\u00eds.<\/h3>\n\n\n\n<p>El galard\u00f3n, que este a\u00f1o recibi\u00f3 cerca de <strong>24 mil nominaciones<\/strong> y m\u00e1s de <strong>mil nombres \u00fanicos en competencia<\/strong>, premi\u00f3 a mujeres que han contribuido significativamente al desarrollo social y econ\u00f3mico de Chile en cinco categor\u00edas: <strong>Empresarias, Ejecutivas, Profesionales, Acad\u00e9micas e Investigadoras<\/strong>, y <strong>Servicio P\u00fablico y Social<\/strong>.<\/p>\n\n\n\n<p>En su versi\u00f3n 2025, el premio destac\u00f3 el avance femenino en \u00e1reas clave como la <strong>gesti\u00f3n p\u00fablica, la ciencia, la ingenier\u00eda y la inteligencia artificial<\/strong>, reconociendo a quienes transformaron sus sectores con visi\u00f3n, compromiso y capacidad de liderazgo.<\/p>\n\n\n\n<figure class=\"wp-block-gallery has-nested-images columns-default is-cropped wp-block-gallery-1 is-layout-flex wp-block-gallery-is-layout-flex\">\n<figure class=\"wp-block-image size-large\"><img loading=\"lazy\" decoding=\"async\" width=\"576\" height=\"1024\" data-id=\"15830\" src=\"https:\/\/elconquistadorredloslagos.cl\/test\/wp-content\/uploads\/2025\/11\/3-1-576x1024.jpg\" alt=\"\" class=\"wp-image-15830\" \/><\/figure>\n<\/figure>\n\n\n\n<p>El nombramiento de <strong>Anita Jans<\/strong> constituye un importante hito para el <strong>sector lechero del sur de Chile<\/strong>, al visibilizar a una profesional comprometida con el fortalecimiento del rubro, la defensa de los productores y la sustentabilidad de la cadena l\u00e1ctea.<\/p>\n\n\n\n<p>Desde su rol en Aproleche Osorno, Jans ha impulsado una <strong>agenda gremial activa<\/strong>, promoviendo el trabajo colaborativo con instituciones p\u00fablicas, privadas y acad\u00e9micas, adem\u00e1s de contribuir al <strong>posicionamiento de la producci\u00f3n lechera como motor de desarrollo regional<\/strong>.<\/p>\n\n\n\n<p>\u201c<strong>Este reconocimiento es un honor y una motivaci\u00f3n para seguir trabajando por el sector. Detr\u00e1s de este logro hay un equipo comprometido, socios y productores que d\u00eda a d\u00eda ponen su esfuerzo en hacer de la lecher\u00eda una actividad sustentable, moderna y competitiva. Este premio tambi\u00e9n es para ellos<\/strong>\u201d, expres\u00f3 Jans tras recibir la distinci\u00f3n.<\/p>\n\n\n\n<p>Desde <strong>Aproleche Osorno<\/strong>, sus directores, socios y equipo manifestaron su orgullo por el reconocimiento, destacando el liderazgo y la visi\u00f3n de su gerente, quien ha fortalecido la representatividad del gremio en los espacios de toma de decisiones y ha promovido pol\u00edticas p\u00fablicas que buscan <strong>resguardar el futuro del sector l\u00e1cteo nacional<\/strong>.<\/p>\n\n\n\n<p>El <strong>Premio 100 Mujeres L\u00edderes<\/strong>, organizado desde 2002 por <em>El Mercurio<\/em> y <em>Mujeres Empresarias<\/em>, se ha consolidado como uno de los reconocimientos m\u00e1s prestigiosos del pa\u00eds, distinguiendo a mujeres que desde la empresa, la academia, el mundo social y el sector p\u00fablico inspiran con su ejemplo y liderazgo a las nuevas generaciones.<\/p>\n\n\n\n<figure class=\"wp-block-image size-large\"><img loading=\"lazy\" decoding=\"async\" width=\"473\" height=\"1024\" src=\"https:\/\/elconquistadorredloslagos.cl\/test\/wp-content\/uploads\/2025\/11\/4-1-473x1024.jpg\" alt=\"\" class=\"wp-image-15828\" \/><\/figure>\n","protected":false},"excerpt":{"rendered":"<p>La gerente de la Asociaci\u00f3n Gremial de Productores de Leche de Osorno (Aproleche), Anita Jans Sauterel, fue distinguida como una de las 100 Mujeres L\u00edderes 2025, reconocimiento otorgado por El..<\/p>\n","protected":false},"author":9,"featured_media":15827,"comment_status":"closed","ping_status":"open","sticky":false,"template":"","format":"standard","meta":{"footnotes":""},"categories":[28,26,25,52],"tags":[],"class_list":["post-15823","post","type-post","status-publish","format-standard","has-post-thumbnail","hentry","category-actual","category-comunidad","category-empresas","category-chile"],"rttpg_featured_image_url":{"full":["https:\/\/elconquistadorredloslagos.cl\/test\/wp-content\/uploads\/2025\/11\/2-1.jpg",1600,738,false],"landscape":["https:\/\/elconquistadorredloslagos.cl\/test\/wp-content\/uploads\/2025\/11\/2-1.jpg",1600,738,false],"portraits":["https:\/\/elconquistadorredloslagos.cl\/test\/wp-content\/uploads\/2025\/11\/2-1.jpg",1600,738,false],"thumbnail":["https:\/\/elconquistadorredloslagos.cl\/test\/wp-content\/uploads\/2025\/11\/2-1-150x150.jpg",150,150,true],"medium":["https:\/\/elconquistadorredloslagos.cl\/test\/wp-content\/uploads\/2025\/11\/2-1-300x138.jpg",300,138,true],"large":["https:\/\/elconquistadorredloslagos.cl\/test\/wp-content\/uploads\/2025\/11\/2-1-1024x472.jpg",1024,472,true],"1536x1536":["https:\/\/elconquistadorredloslagos.cl\/test\/wp-content\/uploads\/2025\/11\/2-1-1536x708.jpg",1536,708,true],"2048x2048":["https:\/\/elconquistadorredloslagos.cl\/test\/wp-content\/uploads\/2025\/11\/2-1.jpg",1600,738,false]},"rttpg_author":{"display_name":"mcifuentes","author_link":"https:\/\/elconquistadorredloslagos.cl\/test\/blog\/author\/mcifuentes\/"},"rttpg_comment":0,"rttpg_category":"<a href=\"https:\/\/elconquistadorredloslagos.cl\/test\/blog\/category\/actual\/\" rel=\"category tag\">Actualidad<\/a> <a href=\"https:\/\/elconquistadorredloslagos.cl\/test\/blog\/category\/comunidad\/\" rel=\"category tag\">Comunidad<\/a> <a href=\"https:\/\/elconquistadorredloslagos.cl\/test\/blog\/category\/empresas\/\" rel=\"category tag\">Empresarial<\/a> <a href=\"https:\/\/elconquistadorredloslagos.cl\/test\/blog\/category\/chile\/\" rel=\"category tag\">Nacional<\/a>","rttpg_excerpt":"La gerente de la Asociaci\u00f3n Gremial de Productores de Leche de Osorno (Aproleche), Anita Jans Sauterel, fue distinguida como una de las 100 Mujeres L\u00edderes 2025, reconocimiento otorgado por El..","_links":{"self":[{"href":"https:\/\/elconquistadorredloslagos.cl\/test\/wp-json\/wp\/v2\/posts\/15823","targetHints":{"allow":["GET"]}}],"collection":[{"href":"https:\/\/elconquistadorredloslagos.cl\/test\/wp-json\/wp\/v2\/posts"}],"about":[{"href":"https:\/\/elconquistadorredloslagos.cl\/test\/wp-json\/wp\/v2\/types\/post"}],"author":[{"embeddable":true,"href":"https:\/\/elconquistadorredloslagos.cl\/test\/wp-json\/wp\/v2\/users\/9"}],"replies":[{"embeddable":true,"href":"https:\/\/elconquistadorredloslagos.cl\/test\/wp-json\/wp\/v2\/comments?post=15823"}],"version-history":[{"count":2,"href":"https:\/\/elconquistadorredloslagos.cl\/test\/wp-json\/wp\/v2\/posts\/15823\/revisions"}],"predecessor-version":[{"id":15831,"href":"https:\/\/elconquistadorredloslagos.cl\/test\/wp-json\/wp\/v2\/posts\/15823\/revisions\/15831"}],"wp:featuredmedia":[{"embeddable":true,"href":"https:\/\/elconquistadorredloslagos.cl\/test\/wp-json\/wp\/v2\/media\/15827"}],"wp:attachment":[{"href":"https:\/\/elconquistadorredloslagos.cl\/test\/wp-json\/wp\/v2\/media?parent=15823"}],"wp:term":[{"taxonomy":"category","embeddable":true,"href":"https:\/\/elconquistadorredloslagos.cl\/test\/wp-json\/wp\/v2\/categories?post=15823"},{"taxonomy":"post_tag","embeddable":true,"href":"https:\/\/elconquistadorredloslagos.cl\/test\/wp-json\/wp\/v2\/tags?post=15823"}],"curies":[{"name":"wp","href":"https:\/\/api.w.org\/{rel}","templated":true}]}}