{"id":15809,"date":"2025-11-07T22:31:41","date_gmt":"2025-11-08T01:31:41","guid":{"rendered":"https:\/\/elconquistadorredloslagos.cl\/test\/?p=15809"},"modified":"2025-11-07T23:01:28","modified_gmt":"2025-11-08T02:01:28","slug":"evelyn-matthei-realiza-cierre-de-campana-en-puerto-montt-cuando-chile-se-une-no-hay-nada-que-lo-detenga","status":"publish","type":"post","link":"https:\/\/elconquistadorredloslagos.cl\/test\/blog\/2025\/11\/07\/evelyn-matthei-realiza-cierre-de-campana-en-puerto-montt-cuando-chile-se-une-no-hay-nada-que-lo-detenga\/","title":{"rendered":"Evelyn Matthei realiza cierre de campa\u00f1a en Puerto Montt: \u201cCuando Chile se une, no hay nada que lo detenga\u201d"},"content":{"rendered":"\n<p>M\u00e1s de <strong>5.000 adherentes<\/strong> participaron este viernes en el acto de cierre de campa\u00f1a de la candidata presidencial <strong>Evelyn Matthei<\/strong> en la Regi\u00f3n de Los Lagos, realizado en la <strong>Plaza de Armas de Puerto Montt<\/strong>, donde la abanderada destac\u00f3 su compromiso con la seguridad y el desarrollo econ\u00f3mico del sur del pa\u00eds.<\/p>\n\n\n\n<p>\u201c<strong>Cuando Chile se une, no hay nada que lo detenga. Y cuando Chile conf\u00eda, no hay fuerza que lo derrumbe. Este es el momento de recuperar nuestra patria, de volver a caminar sin miedo y mirar el futuro con esperanza<\/strong>\u201d, expres\u00f3 Matthei ante una multitud que portaba banderas y pancartas de apoyo.<\/p>\n\n\n\n<figure class=\"wp-block-image size-large\"><img loading=\"lazy\" decoding=\"async\" width=\"1024\" height=\"683\" src=\"https:\/\/elconquistadorredloslagos.cl\/test\/wp-content\/uploads\/2025\/11\/WhatsApp-Image-2025-11-07-at-10.02.00-PM-2-1024x683.jpeg\" alt=\"\" class=\"wp-image-15820\" \/><\/figure>\n\n\n\n<p>La candidata hizo hincapi\u00e9 en la <strong>lucha contra la violencia y el terrorismo<\/strong>, asegurando que su eventual gobierno recuperar\u00e1 la presencia del Estado en todas las comunas de la regi\u00f3n.<\/p>\n\n\n\n<blockquote class=\"wp-block-quote is-layout-flow wp-block-quote-is-layout-flow\">\n<p>\u201cNo permitiremos que el terrorismo o la violencia organizada impongan el miedo en Los Lagos. El Estado estar\u00e1 presente con m\u00e1s polic\u00edas y programas de desarrollo local. Seremos implacables con el narcotr\u00e1fico y el terrorismo\u201d, afirm\u00f3.<\/p>\n<\/blockquote>\n\n\n\n<p>Asimismo, Matthei anunci\u00f3 medidas para <strong>impulsar la inversi\u00f3n y generar un mill\u00f3n de nuevos empleos<\/strong>, se\u00f1alando que la seguridad tambi\u00e9n debe reflejarse en la estabilidad econ\u00f3mica de las familias.<\/p>\n\n\n\n<blockquote class=\"wp-block-quote is-layout-flow wp-block-quote-is-layout-flow\">\n<p>\u201cLa inseguridad no solo se vive en las calles, tambi\u00e9n en los bolsillos. Me comprometo a que Chile crezca m\u00e1s, para que las familias vivan mejor y cada persona pueda volver a sentirse orgullosa de su trabajo\u201d, se\u00f1al\u00f3.<\/p>\n<\/blockquote>\n\n\n\n<figure class=\"wp-block-gallery has-nested-images columns-default is-cropped wp-block-gallery-1 is-layout-flex wp-block-gallery-is-layout-flex\">\n<figure class=\"wp-block-image size-large\"><img loading=\"lazy\" decoding=\"async\" width=\"1024\" height=\"683\" data-id=\"15821\" src=\"https:\/\/elconquistadorredloslagos.cl\/test\/wp-content\/uploads\/2025\/11\/WhatsApp-Image-2025-11-07-at-10.02.02-PM-2-1024x683.jpeg\" alt=\"\" class=\"wp-image-15821\" \/><\/figure>\n<\/figure>\n\n\n\n<p>El evento en Puerto Montt se enmarca en la \u00faltima gira nacional de la candidata, que <strong>inici\u00f3 sus cierres regionales el jueves en Temuco<\/strong> y que <strong>culminar\u00e1 el pr\u00f3ximo jueves 13 de noviembre<\/strong> con un <strong>acto multitudinario en el Estadio Santa Laura, en Santiago<\/strong>.<\/p>\n","protected":false},"excerpt":{"rendered":"<p>M\u00e1s de 5.000 adherentes participaron este viernes en el acto de cierre de campa\u00f1a de la candidata presidencial Evelyn Matthei en la Regi\u00f3n de Los Lagos, realizado en la Plaza..<\/p>\n","protected":false},"author":9,"featured_media":15811,"comment_status":"closed","ping_status":"open","sticky":false,"template":"","format":"standard","meta":{"footnotes":""},"categories":[1,28,52,38,56],"tags":[],"class_list":["post-15809","post","type-post","status-publish","format-standard","has-post-thumbnail","hentry","category-acontecer","category-actual","category-chile","category-politica","category-puerto-montt"],"rttpg_featured_image_url":{"full":["https:\/\/elconquistadorredloslagos.cl\/test\/wp-content\/uploads\/2025\/11\/WhatsApp-Image-2025-11-07-at-10.02.01-PM.jpeg",1280,854,false],"landscape":["https:\/\/elconquistadorredloslagos.cl\/test\/wp-content\/uploads\/2025\/11\/WhatsApp-Image-2025-11-07-at-10.02.01-PM.jpeg",1280,854,false],"portraits":["https:\/\/elconquistadorredloslagos.cl\/test\/wp-content\/uploads\/2025\/11\/WhatsApp-Image-2025-11-07-at-10.02.01-PM.jpeg",1280,854,false],"thumbnail":["https:\/\/elconquistadorredloslagos.cl\/test\/wp-content\/uploads\/2025\/11\/WhatsApp-Image-2025-11-07-at-10.02.01-PM-150x150.jpeg",150,150,true],"medium":["https:\/\/elconquistadorredloslagos.cl\/test\/wp-content\/uploads\/2025\/11\/WhatsApp-Image-2025-11-07-at-10.02.01-PM-300x200.jpeg",300,200,true],"large":["https:\/\/elconquistadorredloslagos.cl\/test\/wp-content\/uploads\/2025\/11\/WhatsApp-Image-2025-11-07-at-10.02.01-PM-1024x683.jpeg",1024,683,true],"1536x1536":["https:\/\/elconquistadorredloslagos.cl\/test\/wp-content\/uploads\/2025\/11\/WhatsApp-Image-2025-11-07-at-10.02.01-PM.jpeg",1280,854,false],"2048x2048":["https:\/\/elconquistadorredloslagos.cl\/test\/wp-content\/uploads\/2025\/11\/WhatsApp-Image-2025-11-07-at-10.02.01-PM.jpeg",1280,854,false]},"rttpg_author":{"display_name":"mcifuentes","author_link":"https:\/\/elconquistadorredloslagos.cl\/test\/blog\/author\/mcifuentes\/"},"rttpg_comment":0,"rttpg_category":"<a href=\"https:\/\/elconquistadorredloslagos.cl\/test\/blog\/category\/actual\/acontecer\/\" rel=\"category tag\">Acontecer<\/a> <a href=\"https:\/\/elconquistadorredloslagos.cl\/test\/blog\/category\/actual\/\" rel=\"category tag\">Actualidad<\/a> <a href=\"https:\/\/elconquistadorredloslagos.cl\/test\/blog\/category\/chile\/\" rel=\"category tag\">Nacional<\/a> <a href=\"https:\/\/elconquistadorredloslagos.cl\/test\/blog\/category\/actual\/politica\/\" rel=\"category tag\">Politica<\/a> <a href=\"https:\/\/elconquistadorredloslagos.cl\/test\/blog\/category\/chile\/puerto-montt\/\" rel=\"category tag\">Puerto Montt<\/a>","rttpg_excerpt":"M\u00e1s de 5.000 adherentes participaron este viernes en el acto de cierre de campa\u00f1a de la candidata presidencial Evelyn Matthei en la Regi\u00f3n de Los Lagos, realizado en la Plaza..","_links":{"self":[{"href":"https:\/\/elconquistadorredloslagos.cl\/test\/wp-json\/wp\/v2\/posts\/15809","targetHints":{"allow":["GET"]}}],"collection":[{"href":"https:\/\/elconquistadorredloslagos.cl\/test\/wp-json\/wp\/v2\/posts"}],"about":[{"href":"https:\/\/elconquistadorredloslagos.cl\/test\/wp-json\/wp\/v2\/types\/post"}],"author":[{"embeddable":true,"href":"https:\/\/elconquistadorredloslagos.cl\/test\/wp-json\/wp\/v2\/users\/9"}],"replies":[{"embeddable":true,"href":"https:\/\/elconquistadorredloslagos.cl\/test\/wp-json\/wp\/v2\/comments?post=15809"}],"version-history":[{"count":3,"href":"https:\/\/elconquistadorredloslagos.cl\/test\/wp-json\/wp\/v2\/posts\/15809\/revisions"}],"predecessor-version":[{"id":15822,"href":"https:\/\/elconquistadorredloslagos.cl\/test\/wp-json\/wp\/v2\/posts\/15809\/revisions\/15822"}],"wp:featuredmedia":[{"embeddable":true,"href":"https:\/\/elconquistadorredloslagos.cl\/test\/wp-json\/wp\/v2\/media\/15811"}],"wp:attachment":[{"href":"https:\/\/elconquistadorredloslagos.cl\/test\/wp-json\/wp\/v2\/media?parent=15809"}],"wp:term":[{"taxonomy":"category","embeddable":true,"href":"https:\/\/elconquistadorredloslagos.cl\/test\/wp-json\/wp\/v2\/categories?post=15809"},{"taxonomy":"post_tag","embeddable":true,"href":"https:\/\/elconquistadorredloslagos.cl\/test\/wp-json\/wp\/v2\/tags?post=15809"}],"curies":[{"name":"wp","href":"https:\/\/api.w.org\/{rel}","templated":true}]}}