{"id":15807,"date":"2025-11-07T21:22:57","date_gmt":"2025-11-08T00:22:57","guid":{"rendered":"https:\/\/elconquistadorredloslagos.cl\/test\/?p=15807"},"modified":"2025-11-07T21:22:58","modified_gmt":"2025-11-08T00:22:58","slug":"internacional-gobierno-de-milei-autoriza-la-compra-de-fusiles-semiautomaticos-para-civiles-en-argentina","status":"publish","type":"post","link":"https:\/\/elconquistadorredloslagos.cl\/test\/blog\/2025\/11\/07\/internacional-gobierno-de-milei-autoriza-la-compra-de-fusiles-semiautomaticos-para-civiles-en-argentina\/","title":{"rendered":"Internacional: Gobierno de Milei autoriza la compra de fusiles semiautom\u00e1ticos para civiles en Argentina"},"content":{"rendered":"\n<p>El Gobierno del presidente <strong>Javier Milei<\/strong> autoriz\u00f3 la <strong>compra y tenencia de fusiles semiautom\u00e1ticos por parte de civiles<\/strong> en Argentina, mediante una resoluci\u00f3n que reemplaza la prohibici\u00f3n vigente desde la d\u00e9cada de 1990.<\/p>\n\n\n\n<p>La medida, publicada este martes en el <strong>Bolet\u00edn Oficial<\/strong>, establece un nuevo r\u00e9gimen de autorizaci\u00f3n para <strong>usuarios de armas de fuego de uso civil<\/strong> y para <strong>entidades de tiro<\/strong>, que podr\u00e1n adquirir o poseer armas semiautom\u00e1ticas como fusiles, carabinas o subametralladoras derivadas de modelos militares.<\/p>\n\n\n\n<p>Entre los requisitos, los solicitantes deber\u00e1n <strong>identificar con precisi\u00f3n el arma<\/strong>, contar con un <strong>Sector de Guarda tipo G2<\/strong> \u2014sistema de almacenamiento seguro aprobado por el <strong>Registro Nacional de Armas (RENAR)<\/strong>\u2014 y presentar una <strong>declaraci\u00f3n jurada<\/strong> con los fundamentos de la solicitud, documentaci\u00f3n probatoria y fotograf\u00edas del material.<\/p>\n\n\n\n<p>La reforma sustituye al decreto emitido durante el Gobierno de <strong>Carlos Menem (1989-1999)<\/strong>, que imped\u00eda a civiles adquirir fusiles semiautom\u00e1ticos sin autorizaci\u00f3n expresa del Ministerio de Defensa.<\/p>\n\n\n\n<p>El presidente Milei ha defendido p\u00fablicamente el <strong>libre porte de armas<\/strong> y, durante su campa\u00f1a electoral, prometi\u00f3 <strong>flexibilizar los requisitos de acceso<\/strong>, siguiendo el modelo de Estados Unidos. En diciembre de 2024, ya hab\u00eda reducido a <strong>18 a\u00f1os la edad m\u00ednima<\/strong> para obtener la <em>credencial de leg\u00edtimo usuario de armas<\/em>, primer paso para solicitar la tenencia.<\/p>\n\n\n\n<p>Seg\u00fan datos oficiales de 2024, existen <strong>185.535 personas con credencial de leg\u00edtimo usuario<\/strong> en Argentina, la mayor\u00eda de ellas hombre<\/p>\n","protected":false},"excerpt":{"rendered":"<p>El Gobierno del presidente Javier Milei autoriz\u00f3 la compra y tenencia de fusiles semiautom\u00e1ticos por parte de civiles en Argentina, mediante una resoluci\u00f3n que reemplaza la prohibici\u00f3n vigente desde la..<\/p>\n","protected":false},"author":7,"featured_media":15398,"comment_status":"closed","ping_status":"open","sticky":false,"template":"","format":"standard","meta":{"footnotes":""},"categories":[1,28],"tags":[],"class_list":["post-15807","post","type-post","status-publish","format-standard","has-post-thumbnail","hentry","category-acontecer","category-actual"],"rttpg_featured_image_url":{"full":["https:\/\/elconquistadorredloslagos.cl\/test\/wp-content\/uploads\/2025\/10\/milei-argentina.png",1920,1080,false],"landscape":["https:\/\/elconquistadorredloslagos.cl\/test\/wp-content\/uploads\/2025\/10\/milei-argentina.png",1920,1080,false],"portraits":["https:\/\/elconquistadorredloslagos.cl\/test\/wp-content\/uploads\/2025\/10\/milei-argentina.png",1920,1080,false],"thumbnail":["https:\/\/elconquistadorredloslagos.cl\/test\/wp-content\/uploads\/2025\/10\/milei-argentina-150x150.png",150,150,true],"medium":["https:\/\/elconquistadorredloslagos.cl\/test\/wp-content\/uploads\/2025\/10\/milei-argentina-300x169.png",300,169,true],"large":["https:\/\/elconquistadorredloslagos.cl\/test\/wp-content\/uploads\/2025\/10\/milei-argentina-1024x576.png",1024,576,true],"1536x1536":["https:\/\/elconquistadorredloslagos.cl\/test\/wp-content\/uploads\/2025\/10\/milei-argentina-1536x864.png",1536,864,true],"2048x2048":["https:\/\/elconquistadorredloslagos.cl\/test\/wp-content\/uploads\/2025\/10\/milei-argentina.png",1920,1080,false]},"rttpg_author":{"display_name":"enzodelahoz1988","author_link":"https:\/\/elconquistadorredloslagos.cl\/test\/blog\/author\/enzodelahoz1988\/"},"rttpg_comment":0,"rttpg_category":"<a href=\"https:\/\/elconquistadorredloslagos.cl\/test\/blog\/category\/actual\/acontecer\/\" rel=\"category tag\">Acontecer<\/a> <a href=\"https:\/\/elconquistadorredloslagos.cl\/test\/blog\/category\/actual\/\" rel=\"category tag\">Actualidad<\/a>","rttpg_excerpt":"El Gobierno del presidente Javier Milei autoriz\u00f3 la compra y tenencia de fusiles semiautom\u00e1ticos por parte de civiles en Argentina, mediante una resoluci\u00f3n que reemplaza la prohibici\u00f3n vigente desde la..","_links":{"self":[{"href":"https:\/\/elconquistadorredloslagos.cl\/test\/wp-json\/wp\/v2\/posts\/15807","targetHints":{"allow":["GET"]}}],"collection":[{"href":"https:\/\/elconquistadorredloslagos.cl\/test\/wp-json\/wp\/v2\/posts"}],"about":[{"href":"https:\/\/elconquistadorredloslagos.cl\/test\/wp-json\/wp\/v2\/types\/post"}],"author":[{"embeddable":true,"href":"https:\/\/elconquistadorredloslagos.cl\/test\/wp-json\/wp\/v2\/users\/7"}],"replies":[{"embeddable":true,"href":"https:\/\/elconquistadorredloslagos.cl\/test\/wp-json\/wp\/v2\/comments?post=15807"}],"version-history":[{"count":1,"href":"https:\/\/elconquistadorredloslagos.cl\/test\/wp-json\/wp\/v2\/posts\/15807\/revisions"}],"predecessor-version":[{"id":15808,"href":"https:\/\/elconquistadorredloslagos.cl\/test\/wp-json\/wp\/v2\/posts\/15807\/revisions\/15808"}],"wp:featuredmedia":[{"embeddable":true,"href":"https:\/\/elconquistadorredloslagos.cl\/test\/wp-json\/wp\/v2\/media\/15398"}],"wp:attachment":[{"href":"https:\/\/elconquistadorredloslagos.cl\/test\/wp-json\/wp\/v2\/media?parent=15807"}],"wp:term":[{"taxonomy":"category","embeddable":true,"href":"https:\/\/elconquistadorredloslagos.cl\/test\/wp-json\/wp\/v2\/categories?post=15807"},{"taxonomy":"post_tag","embeddable":true,"href":"https:\/\/elconquistadorredloslagos.cl\/test\/wp-json\/wp\/v2\/tags?post=15807"}],"curies":[{"name":"wp","href":"https:\/\/api.w.org\/{rel}","templated":true}]}}