{"id":15804,"date":"2025-11-07T17:11:18","date_gmt":"2025-11-07T20:11:18","guid":{"rendered":"https:\/\/elconquistadorredloslagos.cl\/test\/?p=15804"},"modified":"2025-11-07T17:11:19","modified_gmt":"2025-11-07T20:11:19","slug":"municipio-logra-sancion-e-indemnizacion-por-rayado-en-el-centro-de-puerto-montt","status":"publish","type":"post","link":"https:\/\/elconquistadorredloslagos.cl\/test\/blog\/2025\/11\/07\/municipio-logra-sancion-e-indemnizacion-por-rayado-en-el-centro-de-puerto-montt\/","title":{"rendered":"Municipio logra sanci\u00f3n e indemnizaci\u00f3n por rayado en el centro de Puerto Montt"},"content":{"rendered":"\n<p>La <strong>Municipalidad de Puerto Montt<\/strong> consigui\u00f3 que un individuo responsable de realizar rayados en el centro de la ciudad fuera <strong>formalizado y condenado<\/strong> al pago de una <strong>indemnizaci\u00f3n de 300 mil pesos<\/strong>.<\/p>\n\n\n\n<p>La acci\u00f3n judicial se origin\u00f3 tras una investigaci\u00f3n encabezada por la <strong>Unidad Penal Municipal (UPM)<\/strong>, luego de que las c\u00e1maras de la <strong>Central de Televigilancia Municipal (Cetem)<\/strong> registraran, durante la madrugada del 15 de mayo, a una persona realizando <strong>graffitis en una jardinera ubicada en calle Antonio Varas<\/strong>, en la intersecci\u00f3n con Guillermo Gallardo.<\/p>\n\n\n\n<p>El <strong>alcalde Rodrigo Wainraihgt<\/strong> expres\u00f3 su satisfacci\u00f3n por la resoluci\u00f3n del caso, destacando que la medida reafirma el compromiso del municipio con el cuidado del espacio p\u00fablico.<\/p>\n\n\n\n<blockquote class=\"wp-block-quote is-layout-flow wp-block-quote-is-layout-flow\">\n<p>\u201cSeguiremos firmes en mantener nuestra ciudad libre de grafitis y rayados. Puerto Montt merece espacios limpios, seguros y bien cuidados\u201d, se\u00f1al\u00f3 el jefe comunal.<\/p>\n<\/blockquote>\n\n\n\n<p>Asimismo, record\u00f3 que en ocasiones anteriores la UPM logr\u00f3 que <strong>tres personas debieran reparar los da\u00f1os<\/strong> causados en la escalera Rancagua, pint\u00e1ndola de manera voluntaria como medida reparatoria.<\/p>\n\n\n\n<p>La Municipalidad reiter\u00f3 el llamado a la ciudadan\u00eda a <strong>denunciar actos de vandalismo<\/strong> y a colaborar en la preservaci\u00f3n del entorno urbano.<\/p>\n","protected":false},"excerpt":{"rendered":"<p>La Municipalidad de Puerto Montt consigui\u00f3 que un individuo responsable de realizar rayados en el centro de la ciudad fuera formalizado y condenado al pago de una indemnizaci\u00f3n de 300..<\/p>\n","protected":false},"author":7,"featured_media":15805,"comment_status":"closed","ping_status":"open","sticky":false,"template":"","format":"standard","meta":{"footnotes":""},"categories":[56],"tags":[],"class_list":["post-15804","post","type-post","status-publish","format-standard","has-post-thumbnail","hentry","category-puerto-montt"],"rttpg_featured_image_url":{"full":["https:\/\/elconquistadorredloslagos.cl\/test\/wp-content\/uploads\/2025\/11\/puerto-montt.png",1920,1080,false],"landscape":["https:\/\/elconquistadorredloslagos.cl\/test\/wp-content\/uploads\/2025\/11\/puerto-montt.png",1920,1080,false],"portraits":["https:\/\/elconquistadorredloslagos.cl\/test\/wp-content\/uploads\/2025\/11\/puerto-montt.png",1920,1080,false],"thumbnail":["https:\/\/elconquistadorredloslagos.cl\/test\/wp-content\/uploads\/2025\/11\/puerto-montt-150x150.png",150,150,true],"medium":["https:\/\/elconquistadorredloslagos.cl\/test\/wp-content\/uploads\/2025\/11\/puerto-montt-300x169.png",300,169,true],"large":["https:\/\/elconquistadorredloslagos.cl\/test\/wp-content\/uploads\/2025\/11\/puerto-montt-1024x576.png",1024,576,true],"1536x1536":["https:\/\/elconquistadorredloslagos.cl\/test\/wp-content\/uploads\/2025\/11\/puerto-montt-1536x864.png",1536,864,true],"2048x2048":["https:\/\/elconquistadorredloslagos.cl\/test\/wp-content\/uploads\/2025\/11\/puerto-montt.png",1920,1080,false]},"rttpg_author":{"display_name":"enzodelahoz1988","author_link":"https:\/\/elconquistadorredloslagos.cl\/test\/blog\/author\/enzodelahoz1988\/"},"rttpg_comment":0,"rttpg_category":"<a href=\"https:\/\/elconquistadorredloslagos.cl\/test\/blog\/category\/chile\/puerto-montt\/\" rel=\"category tag\">Puerto Montt<\/a>","rttpg_excerpt":"La Municipalidad de Puerto Montt consigui\u00f3 que un individuo responsable de realizar rayados en el centro de la ciudad fuera formalizado y condenado al pago de una indemnizaci\u00f3n de 300..","_links":{"self":[{"href":"https:\/\/elconquistadorredloslagos.cl\/test\/wp-json\/wp\/v2\/posts\/15804","targetHints":{"allow":["GET"]}}],"collection":[{"href":"https:\/\/elconquistadorredloslagos.cl\/test\/wp-json\/wp\/v2\/posts"}],"about":[{"href":"https:\/\/elconquistadorredloslagos.cl\/test\/wp-json\/wp\/v2\/types\/post"}],"author":[{"embeddable":true,"href":"https:\/\/elconquistadorredloslagos.cl\/test\/wp-json\/wp\/v2\/users\/7"}],"replies":[{"embeddable":true,"href":"https:\/\/elconquistadorredloslagos.cl\/test\/wp-json\/wp\/v2\/comments?post=15804"}],"version-history":[{"count":1,"href":"https:\/\/elconquistadorredloslagos.cl\/test\/wp-json\/wp\/v2\/posts\/15804\/revisions"}],"predecessor-version":[{"id":15806,"href":"https:\/\/elconquistadorredloslagos.cl\/test\/wp-json\/wp\/v2\/posts\/15804\/revisions\/15806"}],"wp:featuredmedia":[{"embeddable":true,"href":"https:\/\/elconquistadorredloslagos.cl\/test\/wp-json\/wp\/v2\/media\/15805"}],"wp:attachment":[{"href":"https:\/\/elconquistadorredloslagos.cl\/test\/wp-json\/wp\/v2\/media?parent=15804"}],"wp:term":[{"taxonomy":"category","embeddable":true,"href":"https:\/\/elconquistadorredloslagos.cl\/test\/wp-json\/wp\/v2\/categories?post=15804"},{"taxonomy":"post_tag","embeddable":true,"href":"https:\/\/elconquistadorredloslagos.cl\/test\/wp-json\/wp\/v2\/tags?post=15804"}],"curies":[{"name":"wp","href":"https:\/\/api.w.org\/{rel}","templated":true}]}}