{"id":15793,"date":"2025-11-07T14:08:51","date_gmt":"2025-11-07T17:08:51","guid":{"rendered":"https:\/\/elconquistadorredloslagos.cl\/test\/?p=15793"},"modified":"2025-11-07T14:08:51","modified_gmt":"2025-11-07T17:08:51","slug":"la-region-de-los-lagos-rindio-homenaje-al-teniente-hernan-merino-en-el-60-aniversario-de-su-fallecimiento","status":"publish","type":"post","link":"https:\/\/elconquistadorredloslagos.cl\/test\/blog\/2025\/11\/07\/la-region-de-los-lagos-rindio-homenaje-al-teniente-hernan-merino-en-el-60-aniversario-de-su-fallecimiento\/","title":{"rendered":"La Regi\u00f3n de Los Lagos rindi\u00f3 homenaje al Teniente Hern\u00e1n Merino en el 60 aniversario de su fallecimiento"},"content":{"rendered":"\n<p>Con ceremonias en distintos puntos de la Regi\u00f3n de Los Lagos, Carabineros y la comunidad recordaron el 60 aniversario del fallecimiento del h\u00e9roe nacional Teniente Hern\u00e1n Merino Correa, ocurrido el 6 de noviembre de 1965.<\/p>\n\n\n\n<p>El acto principal se realiz\u00f3 en Puerto Montt, en el Parque Costanera, frente al busto erigido en su memoria. La ceremonia cont\u00f3 con la presencia de autoridades civiles, unidades de las Fuerzas Armadas y efectivos de Carabineros, quienes rindieron honores con un desfile. El general Jorge Valdivia, jefe de Zona Los Lagos, destac\u00f3 el reconocimiento ciudadano y la vigencia del legado del oficial, s\u00edmbolo de servicio y entrega.<\/p>\n\n\n\n<figure class=\"wp-block-audio\"><audio controls src=\"https:\/\/elconquistadorredloslagos.cl\/test\/wp-content\/uploads\/2025\/11\/TENIENTE-MERINO.mp3\"><\/audio><\/figure>\n\n\n\n<p>El Teniente Merino perdi\u00f3 la vida con solo 29 a\u00f1os durante el conflicto lim\u00edtrofe con Argentina en el sector de Laguna del Desierto, tras acudir en apoyo del mayor Miguel Torres Fern\u00e1ndez, siendo herido mortalmente en el cumplimiento de su deber.<\/p>\n\n\n\n<p>En Chilo\u00e9, Carabineros de la Prefectura conmemor\u00f3 la fecha en la plaza de armas de Puqueld\u00f3n, con la participaci\u00f3n de autoridades locales y estudiantes. En Osorno, la ceremonia tuvo lugar en dependencias de la Primera Comisar\u00eda, donde tambi\u00e9n se record\u00f3 su valent\u00eda y compromiso con la patria.<\/p>\n","protected":false},"excerpt":{"rendered":"<p>Con ceremonias en distintos puntos de la Regi\u00f3n de Los Lagos, Carabineros y la comunidad recordaron el 60 aniversario del fallecimiento del h\u00e9roe nacional Teniente Hern\u00e1n Merino Correa, ocurrido el..<\/p>\n","protected":false},"author":2,"featured_media":15795,"comment_status":"closed","ping_status":"open","sticky":false,"template":"","format":"standard","meta":{"footnotes":""},"categories":[1,28,56],"tags":[],"class_list":["post-15793","post","type-post","status-publish","format-standard","has-post-thumbnail","hentry","category-acontecer","category-actual","category-puerto-montt"],"rttpg_featured_image_url":{"full":["https:\/\/elconquistadorredloslagos.cl\/test\/wp-content\/uploads\/2025\/11\/img-41.jpg",1920,1080,false],"landscape":["https:\/\/elconquistadorredloslagos.cl\/test\/wp-content\/uploads\/2025\/11\/img-41.jpg",1920,1080,false],"portraits":["https:\/\/elconquistadorredloslagos.cl\/test\/wp-content\/uploads\/2025\/11\/img-41.jpg",1920,1080,false],"thumbnail":["https:\/\/elconquistadorredloslagos.cl\/test\/wp-content\/uploads\/2025\/11\/img-41-150x150.jpg",150,150,true],"medium":["https:\/\/elconquistadorredloslagos.cl\/test\/wp-content\/uploads\/2025\/11\/img-41-300x169.jpg",300,169,true],"large":["https:\/\/elconquistadorredloslagos.cl\/test\/wp-content\/uploads\/2025\/11\/img-41-1024x576.jpg",1024,576,true],"1536x1536":["https:\/\/elconquistadorredloslagos.cl\/test\/wp-content\/uploads\/2025\/11\/img-41-1536x864.jpg",1536,864,true],"2048x2048":["https:\/\/elconquistadorredloslagos.cl\/test\/wp-content\/uploads\/2025\/11\/img-41.jpg",1920,1080,false]},"rttpg_author":{"display_name":"ccardenas","author_link":"https:\/\/elconquistadorredloslagos.cl\/test\/blog\/author\/ccardenas\/"},"rttpg_comment":0,"rttpg_category":"<a href=\"https:\/\/elconquistadorredloslagos.cl\/test\/blog\/category\/actual\/acontecer\/\" rel=\"category tag\">Acontecer<\/a> <a href=\"https:\/\/elconquistadorredloslagos.cl\/test\/blog\/category\/actual\/\" rel=\"category tag\">Actualidad<\/a> <a href=\"https:\/\/elconquistadorredloslagos.cl\/test\/blog\/category\/chile\/puerto-montt\/\" rel=\"category tag\">Puerto Montt<\/a>","rttpg_excerpt":"Con ceremonias en distintos puntos de la Regi\u00f3n de Los Lagos, Carabineros y la comunidad recordaron el 60 aniversario del fallecimiento del h\u00e9roe nacional Teniente Hern\u00e1n Merino Correa, ocurrido el..","_links":{"self":[{"href":"https:\/\/elconquistadorredloslagos.cl\/test\/wp-json\/wp\/v2\/posts\/15793","targetHints":{"allow":["GET"]}}],"collection":[{"href":"https:\/\/elconquistadorredloslagos.cl\/test\/wp-json\/wp\/v2\/posts"}],"about":[{"href":"https:\/\/elconquistadorredloslagos.cl\/test\/wp-json\/wp\/v2\/types\/post"}],"author":[{"embeddable":true,"href":"https:\/\/elconquistadorredloslagos.cl\/test\/wp-json\/wp\/v2\/users\/2"}],"replies":[{"embeddable":true,"href":"https:\/\/elconquistadorredloslagos.cl\/test\/wp-json\/wp\/v2\/comments?post=15793"}],"version-history":[{"count":1,"href":"https:\/\/elconquistadorredloslagos.cl\/test\/wp-json\/wp\/v2\/posts\/15793\/revisions"}],"predecessor-version":[{"id":15796,"href":"https:\/\/elconquistadorredloslagos.cl\/test\/wp-json\/wp\/v2\/posts\/15793\/revisions\/15796"}],"wp:featuredmedia":[{"embeddable":true,"href":"https:\/\/elconquistadorredloslagos.cl\/test\/wp-json\/wp\/v2\/media\/15795"}],"wp:attachment":[{"href":"https:\/\/elconquistadorredloslagos.cl\/test\/wp-json\/wp\/v2\/media?parent=15793"}],"wp:term":[{"taxonomy":"category","embeddable":true,"href":"https:\/\/elconquistadorredloslagos.cl\/test\/wp-json\/wp\/v2\/categories?post=15793"},{"taxonomy":"post_tag","embeddable":true,"href":"https:\/\/elconquistadorredloslagos.cl\/test\/wp-json\/wp\/v2\/tags?post=15793"}],"curies":[{"name":"wp","href":"https:\/\/api.w.org\/{rel}","templated":true}]}}