{"id":15782,"date":"2025-11-07T11:46:52","date_gmt":"2025-11-07T14:46:52","guid":{"rendered":"https:\/\/elconquistadorredloslagos.cl\/test\/?p=15782"},"modified":"2025-11-07T11:46:53","modified_gmt":"2025-11-07T14:46:53","slug":"despliegan-moderno-camion-para-reforzar-mantenimiento-del-alcantarillado-en-chiloe","status":"publish","type":"post","link":"https:\/\/elconquistadorredloslagos.cl\/test\/blog\/2025\/11\/07\/despliegan-moderno-camion-para-reforzar-mantenimiento-del-alcantarillado-en-chiloe\/","title":{"rendered":"Despliegan moderno cami\u00f3n para reforzar mantenimiento del alcantarillado en Chilo\u00e9"},"content":{"rendered":"\n<p>Tras su incorporaci\u00f3n a la flota de Suralis a comienzos del segundo semestre, un nuevo cami\u00f3n modelo Vactor, fabricado en Estados Unidos, comenz\u00f3 oficialmente sus operaciones de forma exclusiva en la provincia de Chilo\u00e9.<\/p>\n\n\n\n<p>Este veh\u00edculo, que es el m\u00e1s moderno de la compa\u00f1\u00eda, tiene como misi\u00f3n principal el mantenimiento preventivo de la red de alcantarillado, contribuyendo a fortalecer la continuidad y eficiencia del sistema en las comunas donde Suralis presta servicios, como Ancud, Dalcahue, Achao, Castro, Conchi y Quell\u00f3n, operando las 24 horas del d\u00eda, los siete d\u00edas de la semana.<\/p>\n\n\n\n<p>El subgerente del Territorio Sur de Suralis, Jorge Soto, explic\u00f3 que la entrada en operaci\u00f3n de este nuevo equipo marca un paso importante en la autonom\u00eda y capacidad t\u00e9cnica de la compa\u00f1\u00eda en la provincia: <\/p>\n\n\n\n<figure class=\"wp-block-audio\"><audio controls src=\"https:\/\/elconquistadorredloslagos.cl\/test\/wp-content\/uploads\/2025\/11\/CUNA_SOTO.mp3\"><\/audio><\/figure>\n\n\n\n<p>Eso s\u00ed, el ejecutivo reiter\u00f3 el llamado a la comunidad a contribuir al cuidado del alcantarillado, debido a que es un sistema que requiere de un trabajo mancomunado para su normal funcionamiento.<\/p>\n\n\n\n<figure class=\"wp-block-audio\"><audio controls src=\"https:\/\/elconquistadorredloslagos.cl\/test\/wp-content\/uploads\/2025\/11\/CUNA_2_SOTO.mp3\"><\/audio><\/figure>\n\n\n\n<p>La puesta en marcha de esta unidad forma parte del plan de modernizaci\u00f3n tecnol\u00f3gica impulsado por Suralis, que contempla la incorporaci\u00f3n progresiva de seis veh\u00edculos de este tipo y una inversi\u00f3n total cercana a 3,5 millones de d\u00f3lares. La estrategia busca aumentar la capacidad operativa y renovar el equipamiento t\u00e9cnico destinado al mantenimiento e inspecci\u00f3n de redes de recolecci\u00f3n de aguas servidas en todo el territorio concesionado.<\/p>\n","protected":false},"excerpt":{"rendered":"<p>Tras su incorporaci\u00f3n a la flota de Suralis a comienzos del segundo semestre, un nuevo cami\u00f3n modelo Vactor, fabricado en Estados Unidos, comenz\u00f3 oficialmente sus operaciones de forma exclusiva en..<\/p>\n","protected":false},"author":2,"featured_media":15785,"comment_status":"closed","ping_status":"open","sticky":false,"template":"","format":"standard","meta":{"footnotes":""},"categories":[1,28,51],"tags":[],"class_list":["post-15782","post","type-post","status-publish","format-standard","has-post-thumbnail","hentry","category-acontecer","category-actual","category-chiloe"],"rttpg_featured_image_url":{"full":["https:\/\/elconquistadorredloslagos.cl\/test\/wp-content\/uploads\/2025\/11\/IMG-39.jpg",1920,1080,false],"landscape":["https:\/\/elconquistadorredloslagos.cl\/test\/wp-content\/uploads\/2025\/11\/IMG-39.jpg",1920,1080,false],"portraits":["https:\/\/elconquistadorredloslagos.cl\/test\/wp-content\/uploads\/2025\/11\/IMG-39.jpg",1920,1080,false],"thumbnail":["https:\/\/elconquistadorredloslagos.cl\/test\/wp-content\/uploads\/2025\/11\/IMG-39-150x150.jpg",150,150,true],"medium":["https:\/\/elconquistadorredloslagos.cl\/test\/wp-content\/uploads\/2025\/11\/IMG-39-300x169.jpg",300,169,true],"large":["https:\/\/elconquistadorredloslagos.cl\/test\/wp-content\/uploads\/2025\/11\/IMG-39-1024x576.jpg",1024,576,true],"1536x1536":["https:\/\/elconquistadorredloslagos.cl\/test\/wp-content\/uploads\/2025\/11\/IMG-39-1536x864.jpg",1536,864,true],"2048x2048":["https:\/\/elconquistadorredloslagos.cl\/test\/wp-content\/uploads\/2025\/11\/IMG-39.jpg",1920,1080,false]},"rttpg_author":{"display_name":"ccardenas","author_link":"https:\/\/elconquistadorredloslagos.cl\/test\/blog\/author\/ccardenas\/"},"rttpg_comment":0,"rttpg_category":"<a href=\"https:\/\/elconquistadorredloslagos.cl\/test\/blog\/category\/actual\/acontecer\/\" rel=\"category tag\">Acontecer<\/a> <a href=\"https:\/\/elconquistadorredloslagos.cl\/test\/blog\/category\/actual\/\" rel=\"category tag\">Actualidad<\/a> <a href=\"https:\/\/elconquistadorredloslagos.cl\/test\/blog\/category\/chile\/chiloe\/\" rel=\"category tag\">Chilo\u00e9<\/a>","rttpg_excerpt":"Tras su incorporaci\u00f3n a la flota de Suralis a comienzos del segundo semestre, un nuevo cami\u00f3n modelo Vactor, fabricado en Estados Unidos, comenz\u00f3 oficialmente sus operaciones de forma exclusiva en..","_links":{"self":[{"href":"https:\/\/elconquistadorredloslagos.cl\/test\/wp-json\/wp\/v2\/posts\/15782","targetHints":{"allow":["GET"]}}],"collection":[{"href":"https:\/\/elconquistadorredloslagos.cl\/test\/wp-json\/wp\/v2\/posts"}],"about":[{"href":"https:\/\/elconquistadorredloslagos.cl\/test\/wp-json\/wp\/v2\/types\/post"}],"author":[{"embeddable":true,"href":"https:\/\/elconquistadorredloslagos.cl\/test\/wp-json\/wp\/v2\/users\/2"}],"replies":[{"embeddable":true,"href":"https:\/\/elconquistadorredloslagos.cl\/test\/wp-json\/wp\/v2\/comments?post=15782"}],"version-history":[{"count":1,"href":"https:\/\/elconquistadorredloslagos.cl\/test\/wp-json\/wp\/v2\/posts\/15782\/revisions"}],"predecessor-version":[{"id":15786,"href":"https:\/\/elconquistadorredloslagos.cl\/test\/wp-json\/wp\/v2\/posts\/15782\/revisions\/15786"}],"wp:featuredmedia":[{"embeddable":true,"href":"https:\/\/elconquistadorredloslagos.cl\/test\/wp-json\/wp\/v2\/media\/15785"}],"wp:attachment":[{"href":"https:\/\/elconquistadorredloslagos.cl\/test\/wp-json\/wp\/v2\/media?parent=15782"}],"wp:term":[{"taxonomy":"category","embeddable":true,"href":"https:\/\/elconquistadorredloslagos.cl\/test\/wp-json\/wp\/v2\/categories?post=15782"},{"taxonomy":"post_tag","embeddable":true,"href":"https:\/\/elconquistadorredloslagos.cl\/test\/wp-json\/wp\/v2\/tags?post=15782"}],"curies":[{"name":"wp","href":"https:\/\/api.w.org\/{rel}","templated":true}]}}