{"id":15777,"date":"2025-11-07T10:55:16","date_gmt":"2025-11-07T13:55:16","guid":{"rendered":"https:\/\/elconquistadorredloslagos.cl\/test\/?p=15777"},"modified":"2025-11-07T10:55:17","modified_gmt":"2025-11-07T13:55:17","slug":"empresarios-critican-proyecto-que-otorga-permiso-laboral-por-fallecimiento-de-mascotas-mas-exigencias-menos-flexibilidad","status":"publish","type":"post","link":"https:\/\/elconquistadorredloslagos.cl\/test\/blog\/2025\/11\/07\/empresarios-critican-proyecto-que-otorga-permiso-laboral-por-fallecimiento-de-mascotas-mas-exigencias-menos-flexibilidad\/","title":{"rendered":"Empresarios critican proyecto que otorga permiso laboral por fallecimiento de mascotas: \u201cM\u00e1s exigencias, menos flexibilidad\u201d"},"content":{"rendered":"\n<h3 class=\"wp-block-heading\">El proyecto de ley que <strong>concede un d\u00eda de permiso laboral por la muerte de una mascota o animal de compa\u00f1\u00eda<\/strong> avanz\u00f3 en su tramitaci\u00f3n legislativa tras ser aprobado por amplia mayor\u00eda en la C\u00e1mara de Diputados. La iniciativa, que ahora pasar\u00e1 al Senado, gener\u00f3 cr\u00edticas en el mundo empresarial, donde se advierte que esta medida se suma a un escenario de <strong>mayores costos y rigidez laboral<\/strong>.<\/h3>\n\n\n\n<p>La propuesta, presentada por el diputado <strong>Frank Sauerbaum (RN)<\/strong>, establece que los trabajadores podr\u00e1n ausentarse <strong>un d\u00eda h\u00e1bil con remuneraci\u00f3n<\/strong>, dentro de los cinco d\u00edas posteriores al fallecimiento del animal, siempre que este se encuentre <strong>inscrito en el Registro Nacional de Mascotas<\/strong>. El d\u00eda deber\u00e1 recuperarse en acuerdo con el empleador dentro de los 90 d\u00edas siguientes.<\/p>\n\n\n\n<p>Desde la <strong>Confederaci\u00f3n de la Producci\u00f3n y del Comercio (CPC)<\/strong>, su presidenta <strong>Susana Jim\u00e9nez<\/strong> expres\u00f3 que, pese a comprender el valor afectivo de las mascotas, esta medida se suma a una seguidilla de normas que han incrementado los costos laborales.<\/p>\n\n\n\n<blockquote class=\"wp-block-quote is-layout-flow wp-block-quote-is-layout-flow\">\n<p>\u201cCada vez es m\u00e1s dif\u00edcil contratar, porque los costos son altos y la flexibilidad es muy baja. Uno ve m\u00e1s exigencias, pero menos capacidad de adaptarse\u201d, se\u00f1al\u00f3 Jim\u00e9nez, agregando que el pa\u00eds \u201csigue discutiendo temas del pasado en lugar de concentrarse en generar condiciones para el empleo y la inversi\u00f3n\u201d.<\/p>\n<\/blockquote>\n\n\n\n<p>Una postura similar manifest\u00f3 <strong>Juan Pablo Swett<\/strong>, presidente de la <strong>Multigremial Nacional<\/strong>, quien calific\u00f3 la iniciativa como \u201cil\u00f3gica\u201d frente al contexto econ\u00f3mico actual.<\/p>\n\n\n\n<blockquote class=\"wp-block-quote is-layout-flow wp-block-quote-is-layout-flow\">\n<p>\u201cPara estos casos ya existen d\u00edas administrativos o permisos coordinados con los empleadores. Crear un feriado adicional solo aumenta la rigidez del mercado y afecta directamente a las pymes\u201d, indic\u00f3.<\/p>\n<\/blockquote>\n\n\n\n<p>Por su parte, <strong>Jorge Welch<\/strong>, presidente de la <strong>Asociaci\u00f3n de Emprendedores de Chile (Asech)<\/strong>, sostuvo que el proyecto podr\u00eda tener sentido si se aplican criterios claros, aunque cuestion\u00f3 el <strong>momento pol\u00edtico<\/strong> en que se presenta.<\/p>\n\n\n\n<blockquote class=\"wp-block-quote is-layout-flow wp-block-quote-is-layout-flow\">\n<p>\u201cNunca es bueno discutir este tipo de iniciativas en \u00e9pocas electorales. El pa\u00eds tiene muchas otras prioridades\u201d, afirm\u00f3.<\/p>\n<\/blockquote>\n\n\n\n<p>Finalmente, el presidente de <strong>Conapyme<\/strong>, <strong>H\u00e9ctor Sandoval<\/strong>, consider\u00f3 que el debate refleja una desconexi\u00f3n con las urgencias reales.<\/p>\n\n\n\n<blockquote class=\"wp-block-quote is-layout-flow wp-block-quote-is-layout-flow\">\n<p>\u201cNo deja de sorprender la creatividad de algunos parlamentarios. Tenemos ya una cantidad importante de feriados y temas m\u00e1s urgentes que resolver\u201d, apunt\u00f3.<\/p>\n<\/blockquote>\n\n\n\n<p>El proyecto continuar\u00e1 su discusi\u00f3n en el Senado, donde se espera un an\u00e1lisis m\u00e1s detallado de sus implicancias laborales y administrativas.<\/p>\n\n\n\n<p>Fuente: Emol <\/p>\n","protected":false},"excerpt":{"rendered":"<p>El proyecto de ley que concede un d\u00eda de permiso laboral por la muerte de una mascota o animal de compa\u00f1\u00eda avanz\u00f3 en su tramitaci\u00f3n legislativa tras ser aprobado por..<\/p>\n","protected":false},"author":9,"featured_media":15778,"comment_status":"closed","ping_status":"open","sticky":false,"template":"","format":"standard","meta":{"footnotes":""},"categories":[1,28,26,39,25,52,38],"tags":[],"class_list":["post-15777","post","type-post","status-publish","format-standard","has-post-thumbnail","hentry","category-acontecer","category-actual","category-comunidad","category-educacion","category-empresas","category-chile","category-politica"],"rttpg_featured_image_url":{"full":["https:\/\/elconquistadorredloslagos.cl\/test\/wp-content\/uploads\/2025\/11\/9a456c1c2700-perros-gatos-han-aumentado-inteligencia-viviendo-con-personas-t.webp",1920,1080,false],"landscape":["https:\/\/elconquistadorredloslagos.cl\/test\/wp-content\/uploads\/2025\/11\/9a456c1c2700-perros-gatos-han-aumentado-inteligencia-viviendo-con-personas-t.webp",1920,1080,false],"portraits":["https:\/\/elconquistadorredloslagos.cl\/test\/wp-content\/uploads\/2025\/11\/9a456c1c2700-perros-gatos-han-aumentado-inteligencia-viviendo-con-personas-t.webp",1920,1080,false],"thumbnail":["https:\/\/elconquistadorredloslagos.cl\/test\/wp-content\/uploads\/2025\/11\/9a456c1c2700-perros-gatos-han-aumentado-inteligencia-viviendo-con-personas-t-150x150.webp",150,150,true],"medium":["https:\/\/elconquistadorredloslagos.cl\/test\/wp-content\/uploads\/2025\/11\/9a456c1c2700-perros-gatos-han-aumentado-inteligencia-viviendo-con-personas-t-300x169.webp",300,169,true],"large":["https:\/\/elconquistadorredloslagos.cl\/test\/wp-content\/uploads\/2025\/11\/9a456c1c2700-perros-gatos-han-aumentado-inteligencia-viviendo-con-personas-t-1024x576.webp",1024,576,true],"1536x1536":["https:\/\/elconquistadorredloslagos.cl\/test\/wp-content\/uploads\/2025\/11\/9a456c1c2700-perros-gatos-han-aumentado-inteligencia-viviendo-con-personas-t-1536x864.webp",1536,864,true],"2048x2048":["https:\/\/elconquistadorredloslagos.cl\/test\/wp-content\/uploads\/2025\/11\/9a456c1c2700-perros-gatos-han-aumentado-inteligencia-viviendo-con-personas-t.webp",1920,1080,false]},"rttpg_author":{"display_name":"mcifuentes","author_link":"https:\/\/elconquistadorredloslagos.cl\/test\/blog\/author\/mcifuentes\/"},"rttpg_comment":0,"rttpg_category":"<a href=\"https:\/\/elconquistadorredloslagos.cl\/test\/blog\/category\/actual\/acontecer\/\" rel=\"category tag\">Acontecer<\/a> <a href=\"https:\/\/elconquistadorredloslagos.cl\/test\/blog\/category\/actual\/\" rel=\"category tag\">Actualidad<\/a> <a href=\"https:\/\/elconquistadorredloslagos.cl\/test\/blog\/category\/comunidad\/\" rel=\"category tag\">Comunidad<\/a> <a href=\"https:\/\/elconquistadorredloslagos.cl\/test\/blog\/category\/actual\/educacion\/\" rel=\"category tag\">Educaci\u00f3n<\/a> <a href=\"https:\/\/elconquistadorredloslagos.cl\/test\/blog\/category\/empresas\/\" rel=\"category tag\">Empresarial<\/a> <a href=\"https:\/\/elconquistadorredloslagos.cl\/test\/blog\/category\/chile\/\" rel=\"category tag\">Nacional<\/a> <a href=\"https:\/\/elconquistadorredloslagos.cl\/test\/blog\/category\/actual\/politica\/\" rel=\"category tag\">Politica<\/a>","rttpg_excerpt":"El proyecto de ley que concede un d\u00eda de permiso laboral por la muerte de una mascota o animal de compa\u00f1\u00eda avanz\u00f3 en su tramitaci\u00f3n legislativa tras ser aprobado por..","_links":{"self":[{"href":"https:\/\/elconquistadorredloslagos.cl\/test\/wp-json\/wp\/v2\/posts\/15777","targetHints":{"allow":["GET"]}}],"collection":[{"href":"https:\/\/elconquistadorredloslagos.cl\/test\/wp-json\/wp\/v2\/posts"}],"about":[{"href":"https:\/\/elconquistadorredloslagos.cl\/test\/wp-json\/wp\/v2\/types\/post"}],"author":[{"embeddable":true,"href":"https:\/\/elconquistadorredloslagos.cl\/test\/wp-json\/wp\/v2\/users\/9"}],"replies":[{"embeddable":true,"href":"https:\/\/elconquistadorredloslagos.cl\/test\/wp-json\/wp\/v2\/comments?post=15777"}],"version-history":[{"count":1,"href":"https:\/\/elconquistadorredloslagos.cl\/test\/wp-json\/wp\/v2\/posts\/15777\/revisions"}],"predecessor-version":[{"id":15779,"href":"https:\/\/elconquistadorredloslagos.cl\/test\/wp-json\/wp\/v2\/posts\/15777\/revisions\/15779"}],"wp:featuredmedia":[{"embeddable":true,"href":"https:\/\/elconquistadorredloslagos.cl\/test\/wp-json\/wp\/v2\/media\/15778"}],"wp:attachment":[{"href":"https:\/\/elconquistadorredloslagos.cl\/test\/wp-json\/wp\/v2\/media?parent=15777"}],"wp:term":[{"taxonomy":"category","embeddable":true,"href":"https:\/\/elconquistadorredloslagos.cl\/test\/wp-json\/wp\/v2\/categories?post=15777"},{"taxonomy":"post_tag","embeddable":true,"href":"https:\/\/elconquistadorredloslagos.cl\/test\/wp-json\/wp\/v2\/tags?post=15777"}],"curies":[{"name":"wp","href":"https:\/\/api.w.org\/{rel}","templated":true}]}}