{"id":15772,"date":"2025-11-07T10:35:47","date_gmt":"2025-11-07T13:35:47","guid":{"rendered":"https:\/\/elconquistadorredloslagos.cl\/test\/?p=15772"},"modified":"2025-11-07T10:35:47","modified_gmt":"2025-11-07T13:35:47","slug":"alcalde-de-puerto-montt-y-parlamentarios-denuncian-exclusion-del-parque-metropolitano-del-presupuesto-2026","status":"publish","type":"post","link":"https:\/\/elconquistadorredloslagos.cl\/test\/blog\/2025\/11\/07\/alcalde-de-puerto-montt-y-parlamentarios-denuncian-exclusion-del-parque-metropolitano-del-presupuesto-2026\/","title":{"rendered":"Alcalde de Puerto Montt y parlamentarios denuncian exclusi\u00f3n del Parque Metropolitano del Presupuesto 2026"},"content":{"rendered":"\n<p>El <strong>alcalde Rodrigo Wainraihgt<\/strong> y parlamentarios de distintos sectores cuestionaron que el proyecto del <strong>Parque Metropolitano de Puerto Montt<\/strong>, con Resoluci\u00f3n Satisfactoria de Ejecuci\u00f3n y apoyo transversal, <strong>no haya sido priorizado por el Gobierno central<\/strong> en la Ley de Presupuestos 2026.<\/p>\n\n\n\n<p>El jefe comunal calific\u00f3 la situaci\u00f3n como \u201cuna noticia negativa para nuestra ciudad\u201d y critic\u00f3 lo que consider\u00f3 una contradicci\u00f3n del Ejecutivo. \u201cEste Gobierno habla mucho de \u00e1reas verdes y parques, pero hoy no ha dejado ninguno en construcci\u00f3n. Nos apena porque le hemos puesto mucho trabajo y cari\u00f1o a este proyecto, y lamentablemente no fue priorizado por el Gobierno central\u201d, expres\u00f3 Wainraihgt.<\/p>\n\n\n\n<p>El alcalde inform\u00f3 que un grupo transversal de parlamentarios \u2014entre ellos <strong>Alejandro Bernales, Mauro Gonz\u00e1lez, H\u00e9ctor Ulloa, Fernando B\u00f3rquez<\/strong> y el senador <strong>Iv\u00e1n Moreira<\/strong>\u2014 buscar\u00e1 que durante la discusi\u00f3n del Presupuesto se reincorpore el proyecto. Adem\u00e1s, inici\u00f3 gestiones con el ex intendente regional y actual asesor del Ministerio de Vivienda, <strong>Sergio Galilea<\/strong>, para que interceda ante el ministro <strong>Carlos Montes<\/strong>.<\/p>\n\n\n\n<p>\u201cLe expliqu\u00e9 la necesidad de que este Parque venga priorizado y con recursos, porque no solo ser\u00e1 un pulm\u00f3n verde, sino tambi\u00e9n la recuperaci\u00f3n de un lugar abandonado hace dos d\u00e9cadas\u201d, a\u00f1adi\u00f3 Wainraihgt.<\/p>\n\n\n\n<p>El <strong>coordinador del Departamento de Vivienda municipal<\/strong>, <strong>Jorge Guevara<\/strong>, ex seremi de Vivienda, record\u00f3 que al inicio del actual gobierno exist\u00edan <strong>$21 mil millones aprobados<\/strong> para ejecutar la obra, pero el proyecto no fue priorizado. \u201cEse presupuesto fue aprobado por el Congreso anterior y qued\u00f3 disponible para desarrollar el parque. Sin embargo, desde marzo en adelante simplemente se dej\u00f3 estar\u201d, se\u00f1al\u00f3.<\/p>\n\n\n\n<p>Por su parte, el <strong>diputado Alejandro Bernales<\/strong> atribuy\u00f3 la exclusi\u00f3n del proyecto a un sesgo pol\u00edtico. \u201cAqu\u00ed hubo una discriminaci\u00f3n, un sesgo pol\u00edtico. No se quiso construir y no se le dio prioridad por esa raz\u00f3n. Fue as\u00ed\u201d, afirm\u00f3.<\/p>\n\n\n\n<p>Bernales destac\u00f3 que el parque responde a una <strong>demanda ciudadana<\/strong>, subrayando que \u201cno es un capricho de parlamentarios, es una necesidad de los vecinos. Puerto Montt necesita m\u00e1s espacios p\u00fablicos gratuitos y seguros\u201d.<\/p>\n\n\n\n<p>El <strong>diputado Fernando B\u00f3rquez<\/strong> coincidi\u00f3 en esa cr\u00edtica y resalt\u00f3 que el proyecto \u201cest\u00e1 completamente dise\u00f1ado y con todos los espacios listos para su aprobaci\u00f3n\u201d.<\/p>\n\n\n\n<p>\u201cVamos a insistir al Gobierno para que deje los recursos comprometidos y haga realidad este pulm\u00f3n verde que entregar\u00e1 equidad y calidad de vida a las familias de Puerto Montt\u201d, a\u00f1adi\u00f3.<\/p>\n\n\n\n<h4 class=\"wp-block-heading\">El proyecto<\/h4>\n\n\n\n<p>El <strong>Parque Metropolitano de Puerto Montt<\/strong> es una iniciativa del <strong>Ministerio de Vivienda y Urbanismo<\/strong> que busca transformar el antiguo terreno del <strong>ex puerto petrolero<\/strong> en un espacio p\u00fablico de <strong>4,2 hect\u00e1reas<\/strong>, complementario al Parque Costanera.<\/p>\n\n\n\n<p>En octubre, el <strong>Ministerio de Desarrollo Social y Familia (Mideso)<\/strong> otorg\u00f3 la <strong>Resoluci\u00f3n Satisfactoria (RS) de Ejecuci\u00f3n<\/strong>, mientras que el <strong>Concejo Municipal<\/strong> aprob\u00f3 por unanimidad el modelo de gesti\u00f3n y los costos anuales de mantenci\u00f3n, pasos clave para avanzar hacia su materializaci\u00f3n.<\/p>\n","protected":false},"excerpt":{"rendered":"<p>El alcalde Rodrigo Wainraihgt y parlamentarios de distintos sectores cuestionaron que el proyecto del Parque Metropolitano de Puerto Montt, con Resoluci\u00f3n Satisfactoria de Ejecuci\u00f3n y apoyo transversal, no haya sido..<\/p>\n","protected":false},"author":7,"featured_media":15773,"comment_status":"closed","ping_status":"open","sticky":false,"template":"","format":"standard","meta":{"footnotes":""},"categories":[28,56],"tags":[],"class_list":["post-15772","post","type-post","status-publish","format-standard","has-post-thumbnail","hentry","category-actual","category-puerto-montt"],"rttpg_featured_image_url":{"full":["https:\/\/elconquistadorredloslagos.cl\/test\/wp-content\/uploads\/2025\/11\/parque-metropolitano-puerto-montt-2.png",1920,1080,false],"landscape":["https:\/\/elconquistadorredloslagos.cl\/test\/wp-content\/uploads\/2025\/11\/parque-metropolitano-puerto-montt-2.png",1920,1080,false],"portraits":["https:\/\/elconquistadorredloslagos.cl\/test\/wp-content\/uploads\/2025\/11\/parque-metropolitano-puerto-montt-2.png",1920,1080,false],"thumbnail":["https:\/\/elconquistadorredloslagos.cl\/test\/wp-content\/uploads\/2025\/11\/parque-metropolitano-puerto-montt-2-150x150.png",150,150,true],"medium":["https:\/\/elconquistadorredloslagos.cl\/test\/wp-content\/uploads\/2025\/11\/parque-metropolitano-puerto-montt-2-300x169.png",300,169,true],"large":["https:\/\/elconquistadorredloslagos.cl\/test\/wp-content\/uploads\/2025\/11\/parque-metropolitano-puerto-montt-2-1024x576.png",1024,576,true],"1536x1536":["https:\/\/elconquistadorredloslagos.cl\/test\/wp-content\/uploads\/2025\/11\/parque-metropolitano-puerto-montt-2-1536x864.png",1536,864,true],"2048x2048":["https:\/\/elconquistadorredloslagos.cl\/test\/wp-content\/uploads\/2025\/11\/parque-metropolitano-puerto-montt-2.png",1920,1080,false]},"rttpg_author":{"display_name":"enzodelahoz1988","author_link":"https:\/\/elconquistadorredloslagos.cl\/test\/blog\/author\/enzodelahoz1988\/"},"rttpg_comment":0,"rttpg_category":"<a href=\"https:\/\/elconquistadorredloslagos.cl\/test\/blog\/category\/actual\/\" rel=\"category tag\">Actualidad<\/a> <a href=\"https:\/\/elconquistadorredloslagos.cl\/test\/blog\/category\/chile\/puerto-montt\/\" rel=\"category tag\">Puerto Montt<\/a>","rttpg_excerpt":"El alcalde Rodrigo Wainraihgt y parlamentarios de distintos sectores cuestionaron que el proyecto del Parque Metropolitano de Puerto Montt, con Resoluci\u00f3n Satisfactoria de Ejecuci\u00f3n y apoyo transversal, no haya sido..","_links":{"self":[{"href":"https:\/\/elconquistadorredloslagos.cl\/test\/wp-json\/wp\/v2\/posts\/15772","targetHints":{"allow":["GET"]}}],"collection":[{"href":"https:\/\/elconquistadorredloslagos.cl\/test\/wp-json\/wp\/v2\/posts"}],"about":[{"href":"https:\/\/elconquistadorredloslagos.cl\/test\/wp-json\/wp\/v2\/types\/post"}],"author":[{"embeddable":true,"href":"https:\/\/elconquistadorredloslagos.cl\/test\/wp-json\/wp\/v2\/users\/7"}],"replies":[{"embeddable":true,"href":"https:\/\/elconquistadorredloslagos.cl\/test\/wp-json\/wp\/v2\/comments?post=15772"}],"version-history":[{"count":1,"href":"https:\/\/elconquistadorredloslagos.cl\/test\/wp-json\/wp\/v2\/posts\/15772\/revisions"}],"predecessor-version":[{"id":15774,"href":"https:\/\/elconquistadorredloslagos.cl\/test\/wp-json\/wp\/v2\/posts\/15772\/revisions\/15774"}],"wp:featuredmedia":[{"embeddable":true,"href":"https:\/\/elconquistadorredloslagos.cl\/test\/wp-json\/wp\/v2\/media\/15773"}],"wp:attachment":[{"href":"https:\/\/elconquistadorredloslagos.cl\/test\/wp-json\/wp\/v2\/media?parent=15772"}],"wp:term":[{"taxonomy":"category","embeddable":true,"href":"https:\/\/elconquistadorredloslagos.cl\/test\/wp-json\/wp\/v2\/categories?post=15772"},{"taxonomy":"post_tag","embeddable":true,"href":"https:\/\/elconquistadorredloslagos.cl\/test\/wp-json\/wp\/v2\/tags?post=15772"}],"curies":[{"name":"wp","href":"https:\/\/api.w.org\/{rel}","templated":true}]}}