{"id":15765,"date":"2025-11-07T08:53:16","date_gmt":"2025-11-07T11:53:16","guid":{"rendered":"https:\/\/elconquistadorredloslagos.cl\/test\/?p=15765"},"modified":"2025-11-07T08:53:17","modified_gmt":"2025-11-07T11:53:17","slug":"el-grito-de-una-madre-que-no-se-rinde-impulsan-la-ley-paulina-hacia-el-congreso","status":"publish","type":"post","link":"https:\/\/elconquistadorredloslagos.cl\/test\/blog\/2025\/11\/07\/el-grito-de-una-madre-que-no-se-rinde-impulsan-la-ley-paulina-hacia-el-congreso\/","title":{"rendered":"El grito de una madre que no se rinde: impulsan la Ley Paulina hacia el Congreso"},"content":{"rendered":"\n<p>En medio del escenario preelectoral, la llamada Ley Paulina espera su discusi\u00f3n en la C\u00e1mara de Diputados. La iniciativa busca aumentar las penas para conductores involucrados en accidentes de tr\u00e1nsito con resultado de muerte, en memoria de Paulina Fuentes Villarroel (28), atropellada en julio de 2024 por el m\u00e9dico venezolano Jos\u00e9 Colina en Vitacura.<\/p>\n\n\n\n<p>El abogado \u00d3scar Montecinos, impulsor del proyecto, explic\u00f3 que la propuesta ya fue presentada a todas las bancadas parlamentarias y respaldada por informes de derecho comparado. \u201cEstamos pidiendo un aumento importante de las penas\u201d, afirm\u00f3, criticando la falta de compromiso de los legisladores de la Regi\u00f3n de Los Lagos, a quienes acus\u00f3 de priorizar gestos medi\u00e1ticos por sobre la creaci\u00f3n de leyes que respondan a las verdaderas demandas ciudadanas.<\/p>\n\n\n\n<p>La madre de la joven, Soraya Villarroel, calific\u00f3 el proceso como una \u201clucha tit\u00e1nica\u201d por lograr una legislaci\u00f3n m\u00e1s severa y efectiva. Asegur\u00f3 contar con apoyo transversal en el Congreso y m\u00e1s de 11 mil firmas ciudadanas que respaldan la iniciativa.<\/p>\n\n\n\n<p>La propuesta -nacida desde la ciudadan\u00eda- espera avanzar en los pr\u00f3ximos meses, cuando el Congreso retome su agenda legislativa con nuevos rostros y, se espera, mayor sensibilidad ante causas que exigen justicia y responsabilidad vial.<\/p>\n","protected":false},"excerpt":{"rendered":"<p>En medio del escenario preelectoral, la llamada Ley Paulina espera su discusi\u00f3n en la C\u00e1mara de Diputados. La iniciativa busca aumentar las penas para conductores involucrados en accidentes de tr\u00e1nsito..<\/p>\n","protected":false},"author":2,"featured_media":15766,"comment_status":"closed","ping_status":"open","sticky":false,"template":"","format":"standard","meta":{"footnotes":""},"categories":[1,28,51],"tags":[],"class_list":["post-15765","post","type-post","status-publish","format-standard","has-post-thumbnail","hentry","category-acontecer","category-actual","category-chiloe"],"rttpg_featured_image_url":{"full":["https:\/\/elconquistadorredloslagos.cl\/test\/wp-content\/uploads\/2025\/11\/IMG-37.jpg",1920,1080,false],"landscape":["https:\/\/elconquistadorredloslagos.cl\/test\/wp-content\/uploads\/2025\/11\/IMG-37.jpg",1920,1080,false],"portraits":["https:\/\/elconquistadorredloslagos.cl\/test\/wp-content\/uploads\/2025\/11\/IMG-37.jpg",1920,1080,false],"thumbnail":["https:\/\/elconquistadorredloslagos.cl\/test\/wp-content\/uploads\/2025\/11\/IMG-37-150x150.jpg",150,150,true],"medium":["https:\/\/elconquistadorredloslagos.cl\/test\/wp-content\/uploads\/2025\/11\/IMG-37-300x169.jpg",300,169,true],"large":["https:\/\/elconquistadorredloslagos.cl\/test\/wp-content\/uploads\/2025\/11\/IMG-37-1024x576.jpg",1024,576,true],"1536x1536":["https:\/\/elconquistadorredloslagos.cl\/test\/wp-content\/uploads\/2025\/11\/IMG-37-1536x864.jpg",1536,864,true],"2048x2048":["https:\/\/elconquistadorredloslagos.cl\/test\/wp-content\/uploads\/2025\/11\/IMG-37.jpg",1920,1080,false]},"rttpg_author":{"display_name":"ccardenas","author_link":"https:\/\/elconquistadorredloslagos.cl\/test\/blog\/author\/ccardenas\/"},"rttpg_comment":0,"rttpg_category":"<a href=\"https:\/\/elconquistadorredloslagos.cl\/test\/blog\/category\/actual\/acontecer\/\" rel=\"category tag\">Acontecer<\/a> <a href=\"https:\/\/elconquistadorredloslagos.cl\/test\/blog\/category\/actual\/\" rel=\"category tag\">Actualidad<\/a> <a href=\"https:\/\/elconquistadorredloslagos.cl\/test\/blog\/category\/chile\/chiloe\/\" rel=\"category tag\">Chilo\u00e9<\/a>","rttpg_excerpt":"En medio del escenario preelectoral, la llamada Ley Paulina espera su discusi\u00f3n en la C\u00e1mara de Diputados. La iniciativa busca aumentar las penas para conductores involucrados en accidentes de tr\u00e1nsito..","_links":{"self":[{"href":"https:\/\/elconquistadorredloslagos.cl\/test\/wp-json\/wp\/v2\/posts\/15765","targetHints":{"allow":["GET"]}}],"collection":[{"href":"https:\/\/elconquistadorredloslagos.cl\/test\/wp-json\/wp\/v2\/posts"}],"about":[{"href":"https:\/\/elconquistadorredloslagos.cl\/test\/wp-json\/wp\/v2\/types\/post"}],"author":[{"embeddable":true,"href":"https:\/\/elconquistadorredloslagos.cl\/test\/wp-json\/wp\/v2\/users\/2"}],"replies":[{"embeddable":true,"href":"https:\/\/elconquistadorredloslagos.cl\/test\/wp-json\/wp\/v2\/comments?post=15765"}],"version-history":[{"count":1,"href":"https:\/\/elconquistadorredloslagos.cl\/test\/wp-json\/wp\/v2\/posts\/15765\/revisions"}],"predecessor-version":[{"id":15767,"href":"https:\/\/elconquistadorredloslagos.cl\/test\/wp-json\/wp\/v2\/posts\/15765\/revisions\/15767"}],"wp:featuredmedia":[{"embeddable":true,"href":"https:\/\/elconquistadorredloslagos.cl\/test\/wp-json\/wp\/v2\/media\/15766"}],"wp:attachment":[{"href":"https:\/\/elconquistadorredloslagos.cl\/test\/wp-json\/wp\/v2\/media?parent=15765"}],"wp:term":[{"taxonomy":"category","embeddable":true,"href":"https:\/\/elconquistadorredloslagos.cl\/test\/wp-json\/wp\/v2\/categories?post=15765"},{"taxonomy":"post_tag","embeddable":true,"href":"https:\/\/elconquistadorredloslagos.cl\/test\/wp-json\/wp\/v2\/tags?post=15765"}],"curies":[{"name":"wp","href":"https:\/\/api.w.org\/{rel}","templated":true}]}}