{"id":15737,"date":"2025-11-06T15:15:20","date_gmt":"2025-11-06T18:15:20","guid":{"rendered":"https:\/\/elconquistadorredloslagos.cl\/test\/?p=15737"},"modified":"2025-11-07T11:09:30","modified_gmt":"2025-11-07T14:09:30","slug":"consejo-regional-aprueba-recursos-para-finalizar-obras-del-liceo-carmela-carvajal-de-osorno","status":"publish","type":"post","link":"https:\/\/elconquistadorredloslagos.cl\/test\/blog\/2025\/11\/06\/consejo-regional-aprueba-recursos-para-finalizar-obras-del-liceo-carmela-carvajal-de-osorno\/","title":{"rendered":"Consejo Regional aprueba recursos para finalizar obras del Liceo Carmela Carvajal de Osorno"},"content":{"rendered":"\n<p>El Consejo Regional de Los Lagos aprob\u00f3 la destinaci\u00f3n de <strong>$14 mil millones<\/strong> para retomar y finalizar las obras del <strong>Liceo Carmela Carvajal de Osorno<\/strong>, ubicado en calle Bilbao. La decisi\u00f3n se adopt\u00f3 durante la sesi\u00f3n plenaria realizada este mi\u00e9rcoles en Frutillar, con <strong>19 votos a favor y uno en contra<\/strong>.<\/p>\n\n\n\n<p>Los fondos permitir\u00e1n adjudicar la ejecuci\u00f3n del proyecto a <strong>Br\u00fcndl Construcciones S.A.<\/strong>, empresa que present\u00f3 la oferta m\u00e1s baja en el proceso de licitaci\u00f3n p\u00fablica y que anteriormente desarroll\u00f3 las obras del nuevo puente Cancura.<\/p>\n\n\n\n<p>A la jornada asistieron representantes de la comunidad educativa del establecimiento, junto a funcionarios del DAEM de Osorno y el alcalde <strong>Jaime Bert\u00edn<\/strong>, quienes siguieron la votaci\u00f3n que se extendi\u00f3 hasta pasadas las 14 horas.<\/p>\n\n\n\n<p>El <strong>gobernador regional Alejandro Santana<\/strong> valor\u00f3 el respaldo del Core y critic\u00f3 la falta de apoyo del Ministerio de Educaci\u00f3n, se\u00f1alando que \u201cla educaci\u00f3n p\u00fablica es responsabilidad del Mineduc, pero nos cerraron la puerta no a nosotros, sino a los estudiantes y a la comunidad\u201d.<\/p>\n\n\n\n<p>Por su parte, el alcalde <strong>Jaime Bert\u00edn<\/strong> agradeci\u00f3 el respaldo del gobernador y los consejeros, destacando que esta aprobaci\u00f3n permitir\u00e1 concretar la esperada finalizaci\u00f3n de las obras del emblem\u00e1tico liceo osornino.<\/p>\n","protected":false},"excerpt":{"rendered":"<p>El Consejo Regional de Los Lagos aprob\u00f3 la destinaci\u00f3n de $14 mil millones para retomar y finalizar las obras del Liceo Carmela Carvajal de Osorno, ubicado en calle Bilbao. La..<\/p>\n","protected":false},"author":9,"featured_media":15781,"comment_status":"closed","ping_status":"open","sticky":false,"template":"","format":"standard","meta":{"footnotes":""},"categories":[1,28,39,55,38],"tags":[],"class_list":["post-15737","post","type-post","status-publish","format-standard","has-post-thumbnail","hentry","category-acontecer","category-actual","category-educacion","category-osorno","category-politica"],"rttpg_featured_image_url":{"full":["https:\/\/elconquistadorredloslagos.cl\/test\/wp-content\/uploads\/2025\/11\/631fb1ba2b516_890x533.webp",890,533,false],"landscape":["https:\/\/elconquistadorredloslagos.cl\/test\/wp-content\/uploads\/2025\/11\/631fb1ba2b516_890x533.webp",890,533,false],"portraits":["https:\/\/elconquistadorredloslagos.cl\/test\/wp-content\/uploads\/2025\/11\/631fb1ba2b516_890x533.webp",890,533,false],"thumbnail":["https:\/\/elconquistadorredloslagos.cl\/test\/wp-content\/uploads\/2025\/11\/631fb1ba2b516_890x533-150x150.webp",150,150,true],"medium":["https:\/\/elconquistadorredloslagos.cl\/test\/wp-content\/uploads\/2025\/11\/631fb1ba2b516_890x533-300x180.webp",300,180,true],"large":["https:\/\/elconquistadorredloslagos.cl\/test\/wp-content\/uploads\/2025\/11\/631fb1ba2b516_890x533.webp",890,533,false],"1536x1536":["https:\/\/elconquistadorredloslagos.cl\/test\/wp-content\/uploads\/2025\/11\/631fb1ba2b516_890x533.webp",890,533,false],"2048x2048":["https:\/\/elconquistadorredloslagos.cl\/test\/wp-content\/uploads\/2025\/11\/631fb1ba2b516_890x533.webp",890,533,false]},"rttpg_author":{"display_name":"mcifuentes","author_link":"https:\/\/elconquistadorredloslagos.cl\/test\/blog\/author\/mcifuentes\/"},"rttpg_comment":0,"rttpg_category":"<a href=\"https:\/\/elconquistadorredloslagos.cl\/test\/blog\/category\/actual\/acontecer\/\" rel=\"category tag\">Acontecer<\/a> <a href=\"https:\/\/elconquistadorredloslagos.cl\/test\/blog\/category\/actual\/\" rel=\"category tag\">Actualidad<\/a> <a href=\"https:\/\/elconquistadorredloslagos.cl\/test\/blog\/category\/actual\/educacion\/\" rel=\"category tag\">Educaci\u00f3n<\/a> <a href=\"https:\/\/elconquistadorredloslagos.cl\/test\/blog\/category\/chile\/osorno\/\" rel=\"category tag\">Osorno<\/a> <a href=\"https:\/\/elconquistadorredloslagos.cl\/test\/blog\/category\/actual\/politica\/\" rel=\"category tag\">Politica<\/a>","rttpg_excerpt":"El Consejo Regional de Los Lagos aprob\u00f3 la destinaci\u00f3n de $14 mil millones para retomar y finalizar las obras del Liceo Carmela Carvajal de Osorno, ubicado en calle Bilbao. La..","_links":{"self":[{"href":"https:\/\/elconquistadorredloslagos.cl\/test\/wp-json\/wp\/v2\/posts\/15737","targetHints":{"allow":["GET"]}}],"collection":[{"href":"https:\/\/elconquistadorredloslagos.cl\/test\/wp-json\/wp\/v2\/posts"}],"about":[{"href":"https:\/\/elconquistadorredloslagos.cl\/test\/wp-json\/wp\/v2\/types\/post"}],"author":[{"embeddable":true,"href":"https:\/\/elconquistadorredloslagos.cl\/test\/wp-json\/wp\/v2\/users\/9"}],"replies":[{"embeddable":true,"href":"https:\/\/elconquistadorredloslagos.cl\/test\/wp-json\/wp\/v2\/comments?post=15737"}],"version-history":[{"count":1,"href":"https:\/\/elconquistadorredloslagos.cl\/test\/wp-json\/wp\/v2\/posts\/15737\/revisions"}],"predecessor-version":[{"id":15739,"href":"https:\/\/elconquistadorredloslagos.cl\/test\/wp-json\/wp\/v2\/posts\/15737\/revisions\/15739"}],"wp:featuredmedia":[{"embeddable":true,"href":"https:\/\/elconquistadorredloslagos.cl\/test\/wp-json\/wp\/v2\/media\/15781"}],"wp:attachment":[{"href":"https:\/\/elconquistadorredloslagos.cl\/test\/wp-json\/wp\/v2\/media?parent=15737"}],"wp:term":[{"taxonomy":"category","embeddable":true,"href":"https:\/\/elconquistadorredloslagos.cl\/test\/wp-json\/wp\/v2\/categories?post=15737"},{"taxonomy":"post_tag","embeddable":true,"href":"https:\/\/elconquistadorredloslagos.cl\/test\/wp-json\/wp\/v2\/tags?post=15737"}],"curies":[{"name":"wp","href":"https:\/\/api.w.org\/{rel}","templated":true}]}}