{"id":15736,"date":"2025-11-06T16:44:58","date_gmt":"2025-11-06T19:44:58","guid":{"rendered":"https:\/\/elconquistadorredloslagos.cl\/test\/?p=15736"},"modified":"2025-11-07T08:14:11","modified_gmt":"2025-11-07T11:14:11","slug":"chiloe-zarpa-rumbo-al-bicentenario-con-su-gran-festival-nautico-2026","status":"publish","type":"post","link":"https:\/\/elconquistadorredloslagos.cl\/test\/blog\/2025\/11\/06\/chiloe-zarpa-rumbo-al-bicentenario-con-su-gran-festival-nautico-2026\/","title":{"rendered":"Chilo\u00e9 zarpa rumbo al Bicentenario con su gran Festival N\u00e1utico 2026"},"content":{"rendered":"\n<p>Ancud dio el vamos oficial al Festival N\u00e1utico del Bicentenario de Chilo\u00e9 2026, una de las celebraciones m\u00e1s esperadas del Archipi\u00e9lago. La actividad se realiz\u00f3 en el Hotel Panamericana Ancud y cont\u00f3 con la presencia de autoridades locales, representantes del Consejo Regional, del Gobernador Regional y diversas organizaciones sociales.<\/p>\n\n\n\n<p>El evento conmemorar\u00e1 los 200 a\u00f1os del Tratado de Tantauco, hito que sell\u00f3 la incorporaci\u00f3n de Chilo\u00e9 a la Rep\u00fablica de Chile. Entre el 16 y el 19 de enero, Ancud se convertir\u00e1 en el epicentro de una traves\u00eda que unir\u00e1 historia, mar y comunidad, mediante regatas, muestras culturales y actividades abiertas al p\u00fablico.<\/p>\n\n\n\n<p>Durante la ceremonia, Eduardo Ampuero, presidente del Club N\u00e1utico Goleta Ancud, subray\u00f3 el car\u00e1cter patrimonial y tur\u00edstico de la iniciativa, que busca posicionar a la comuna como la capital mar\u00edtima del Bicentenario.<\/p>\n\n\n\n<figure class=\"wp-block-audio\"><audio controls src=\"https:\/\/elconquistadorredloslagos.cl\/test\/wp-content\/uploads\/2025\/11\/CUNA-FERNANDO-AVENDANO-1.mp3\"><\/audio><\/figure>\n\n\n\n<p>En torno a poder preservar a\u00fan m\u00e1s el patrimonio n\u00e1utico existente en el Archipi\u00e9lago, el alcalde Andr\u00e9s Ojeda recalc\u00f3 que se pretende continuar impulsando el proyecto de contar con una r\u00e9plica de la Goleta Ancud navegable, que recorra la zona.<\/p>\n\n\n\n<figure class=\"wp-block-audio\"><audio controls src=\"https:\/\/elconquistadorredloslagos.cl\/test\/wp-content\/uploads\/2025\/11\/CUNA-ANDRES-OJEDA-1.mp3\"><\/audio><\/figure>\n\n\n\n<p>El Festival N\u00e1utico del Bicentenario de Chilo\u00e9 2026 contar\u00e1 con agrupaciones n\u00e1uticas provenientes desde el Archipi\u00e9lago de Juan Fern\u00e1ndez, Valdivia, Puerto Montt, Calbuco, Ma\u00f1ihueico, Castro, Quemchi, Quinched (Chonchi) y Quell\u00f3n. El evento promete dinamizar la econom\u00eda local, impulsando rutas n\u00e1uticas, hospedajes y gastronom\u00eda, adem\u00e1s de fortalecer el orgullo mar\u00edtimo isle\u00f1o. <\/p>\n\n\n\n<figure class=\"wp-block-gallery has-nested-images columns-default is-cropped wp-block-gallery-1 is-layout-flex wp-block-gallery-is-layout-flex\">\n<figure class=\"wp-block-image size-large\"><img loading=\"lazy\" decoding=\"async\" width=\"1024\" height=\"683\" data-id=\"15756\" src=\"https:\/\/elconquistadorredloslagos.cl\/test\/wp-content\/uploads\/2025\/11\/IMG_3452-1024x683.jpg\" alt=\"\" class=\"wp-image-15756\" \/><\/figure>\n\n\n\n<figure class=\"wp-block-image size-large\"><img loading=\"lazy\" decoding=\"async\" width=\"1024\" height=\"683\" data-id=\"15753\" src=\"https:\/\/elconquistadorredloslagos.cl\/test\/wp-content\/uploads\/2025\/11\/IMG_3445-1024x683.jpg\" alt=\"\" class=\"wp-image-15753\" \/><\/figure>\n\n\n\n<figure class=\"wp-block-image size-large\"><img loading=\"lazy\" decoding=\"async\" width=\"1024\" height=\"683\" data-id=\"15750\" src=\"https:\/\/elconquistadorredloslagos.cl\/test\/wp-content\/uploads\/2025\/11\/IMG_3444-1024x683.jpg\" alt=\"\" class=\"wp-image-15750\" \/><\/figure>\n\n\n\n<figure class=\"wp-block-image size-large\"><img loading=\"lazy\" decoding=\"async\" width=\"1024\" height=\"683\" data-id=\"15751\" src=\"https:\/\/elconquistadorredloslagos.cl\/test\/wp-content\/uploads\/2025\/11\/IMG_3443-1024x683.jpg\" alt=\"\" class=\"wp-image-15751\" \/><\/figure>\n\n\n\n<figure class=\"wp-block-image size-large\"><img loading=\"lazy\" decoding=\"async\" width=\"1024\" height=\"683\" data-id=\"15754\" src=\"https:\/\/elconquistadorredloslagos.cl\/test\/wp-content\/uploads\/2025\/11\/IMG_3442-1024x683.jpg\" alt=\"\" class=\"wp-image-15754\" \/><\/figure>\n\n\n\n<figure class=\"wp-block-image size-large\"><img loading=\"lazy\" decoding=\"async\" width=\"1024\" height=\"683\" data-id=\"15755\" src=\"https:\/\/elconquistadorredloslagos.cl\/test\/wp-content\/uploads\/2025\/11\/IMG_3440-1024x683.jpg\" alt=\"\" class=\"wp-image-15755\" \/><\/figure>\n\n\n\n<figure class=\"wp-block-image size-large\"><img loading=\"lazy\" decoding=\"async\" width=\"1024\" height=\"683\" data-id=\"15752\" src=\"https:\/\/elconquistadorredloslagos.cl\/test\/wp-content\/uploads\/2025\/11\/IMG_3439-1024x683.jpg\" alt=\"\" class=\"wp-image-15752\" \/><\/figure>\n<\/figure>\n\n\n\n<figure class=\"wp-block-gallery has-nested-images columns-default is-cropped wp-block-gallery-2 is-layout-flex wp-block-gallery-is-layout-flex\">\n<figure class=\"wp-block-image size-large\"><img loading=\"lazy\" decoding=\"async\" width=\"768\" height=\"1024\" data-id=\"15759\" src=\"https:\/\/elconquistadorredloslagos.cl\/test\/wp-content\/uploads\/2025\/11\/WhatsApp-Image-2025-11-06-at-16.44.40-768x1024.jpeg\" alt=\"\" class=\"wp-image-15759\" \/><\/figure>\n\n\n\n<figure class=\"wp-block-image size-large\"><img loading=\"lazy\" decoding=\"async\" width=\"875\" height=\"1024\" data-id=\"15760\" src=\"https:\/\/elconquistadorredloslagos.cl\/test\/wp-content\/uploads\/2025\/11\/WhatsApp-Image-2025-11-06-at-16.44.51-875x1024.jpeg\" alt=\"\" class=\"wp-image-15760\" \/><\/figure>\n<\/figure>\n","protected":false},"excerpt":{"rendered":"<p>Ancud dio el vamos oficial al Festival N\u00e1utico del Bicentenario de Chilo\u00e9 2026, una de las celebraciones m\u00e1s esperadas del Archipi\u00e9lago. La actividad se realiz\u00f3 en el Hotel Panamericana Ancud..<\/p>\n","protected":false},"author":2,"featured_media":15749,"comment_status":"closed","ping_status":"open","sticky":false,"template":"","format":"standard","meta":{"footnotes":""},"categories":[1,28,51],"tags":[],"class_list":["post-15736","post","type-post","status-publish","format-standard","has-post-thumbnail","hentry","category-acontecer","category-actual","category-chiloe"],"rttpg_featured_image_url":{"full":["https:\/\/elconquistadorredloslagos.cl\/test\/wp-content\/uploads\/2025\/11\/A1.jpg",1920,1080,false],"landscape":["https:\/\/elconquistadorredloslagos.cl\/test\/wp-content\/uploads\/2025\/11\/A1.jpg",1920,1080,false],"portraits":["https:\/\/elconquistadorredloslagos.cl\/test\/wp-content\/uploads\/2025\/11\/A1.jpg",1920,1080,false],"thumbnail":["https:\/\/elconquistadorredloslagos.cl\/test\/wp-content\/uploads\/2025\/11\/A1-150x150.jpg",150,150,true],"medium":["https:\/\/elconquistadorredloslagos.cl\/test\/wp-content\/uploads\/2025\/11\/A1-300x169.jpg",300,169,true],"large":["https:\/\/elconquistadorredloslagos.cl\/test\/wp-content\/uploads\/2025\/11\/A1-1024x576.jpg",1024,576,true],"1536x1536":["https:\/\/elconquistadorredloslagos.cl\/test\/wp-content\/uploads\/2025\/11\/A1-1536x864.jpg",1536,864,true],"2048x2048":["https:\/\/elconquistadorredloslagos.cl\/test\/wp-content\/uploads\/2025\/11\/A1.jpg",1920,1080,false]},"rttpg_author":{"display_name":"ccardenas","author_link":"https:\/\/elconquistadorredloslagos.cl\/test\/blog\/author\/ccardenas\/"},"rttpg_comment":0,"rttpg_category":"<a href=\"https:\/\/elconquistadorredloslagos.cl\/test\/blog\/category\/actual\/acontecer\/\" rel=\"category tag\">Acontecer<\/a> <a href=\"https:\/\/elconquistadorredloslagos.cl\/test\/blog\/category\/actual\/\" rel=\"category tag\">Actualidad<\/a> <a href=\"https:\/\/elconquistadorredloslagos.cl\/test\/blog\/category\/chile\/chiloe\/\" rel=\"category tag\">Chilo\u00e9<\/a>","rttpg_excerpt":"Ancud dio el vamos oficial al Festival N\u00e1utico del Bicentenario de Chilo\u00e9 2026, una de las celebraciones m\u00e1s esperadas del Archipi\u00e9lago. La actividad se realiz\u00f3 en el Hotel Panamericana Ancud..","_links":{"self":[{"href":"https:\/\/elconquistadorredloslagos.cl\/test\/wp-json\/wp\/v2\/posts\/15736","targetHints":{"allow":["GET"]}}],"collection":[{"href":"https:\/\/elconquistadorredloslagos.cl\/test\/wp-json\/wp\/v2\/posts"}],"about":[{"href":"https:\/\/elconquistadorredloslagos.cl\/test\/wp-json\/wp\/v2\/types\/post"}],"author":[{"embeddable":true,"href":"https:\/\/elconquistadorredloslagos.cl\/test\/wp-json\/wp\/v2\/users\/2"}],"replies":[{"embeddable":true,"href":"https:\/\/elconquistadorredloslagos.cl\/test\/wp-json\/wp\/v2\/comments?post=15736"}],"version-history":[{"count":4,"href":"https:\/\/elconquistadorredloslagos.cl\/test\/wp-json\/wp\/v2\/posts\/15736\/revisions"}],"predecessor-version":[{"id":15763,"href":"https:\/\/elconquistadorredloslagos.cl\/test\/wp-json\/wp\/v2\/posts\/15736\/revisions\/15763"}],"wp:featuredmedia":[{"embeddable":true,"href":"https:\/\/elconquistadorredloslagos.cl\/test\/wp-json\/wp\/v2\/media\/15749"}],"wp:attachment":[{"href":"https:\/\/elconquistadorredloslagos.cl\/test\/wp-json\/wp\/v2\/media?parent=15736"}],"wp:term":[{"taxonomy":"category","embeddable":true,"href":"https:\/\/elconquistadorredloslagos.cl\/test\/wp-json\/wp\/v2\/categories?post=15736"},{"taxonomy":"post_tag","embeddable":true,"href":"https:\/\/elconquistadorredloslagos.cl\/test\/wp-json\/wp\/v2\/tags?post=15736"}],"curies":[{"name":"wp","href":"https:\/\/api.w.org\/{rel}","templated":true}]}}