{"id":15732,"date":"2025-11-06T14:51:17","date_gmt":"2025-11-06T17:51:17","guid":{"rendered":"https:\/\/elconquistadorredloslagos.cl\/test\/?p=15732"},"modified":"2025-11-06T14:51:18","modified_gmt":"2025-11-06T17:51:18","slug":"nuevos-antecedentes-en-caso-del-triple-homicidio-en-la-reina","status":"publish","type":"post","link":"https:\/\/elconquistadorredloslagos.cl\/test\/blog\/2025\/11\/06\/nuevos-antecedentes-en-caso-del-triple-homicidio-en-la-reina\/","title":{"rendered":"Nuevos antecedentes en caso del triple homicidio en La Reina"},"content":{"rendered":"\n<hr class=\"wp-block-separator has-alpha-channel-opacity\" \/>\n\n\n\n<h3 class=\"wp-block-heading\"><\/h3>\n\n\n\n<p><\/p>\n\n\n\n<p>Siguen surgiendo antecedentes en el caso del <strong>triple homicidio en La Reina<\/strong>, donde fueron asesinados <strong>Eduardo Cruz-Coke y sus dos hijos de 17 a\u00f1os<\/strong>.<br>El principal imputado, <strong>Jorge Ugalde<\/strong>, quien cumple prisi\u00f3n preventiva, declar\u00f3 ante la justicia que es inocente y asegur\u00f3 no recordar c\u00f3mo se provoc\u00f3 las lesiones que mantiene en el cuerpo.<\/p>\n\n\n\n<p>Durante la investigaci\u00f3n, la <strong>Fiscal\u00eda Oriente<\/strong> inform\u00f3 que en su domicilio se incaut\u00f3 una <strong>pistola de fantas\u00eda y una m\u00e1scara con sangre de la v\u00edctima<\/strong>, elementos que contradicen parte de su versi\u00f3n.<\/p>\n\n\n\n<p>En su testimonio, la esposa del acusado, <strong>Trinidad Cruz-Coke<\/strong>, hermana de la v\u00edctima, sostuvo que las heridas de su marido ser\u00edan producto de trabajos de jardiner\u00eda y del uso de veneno para ratones.<br>El caso contin\u00faa bajo investigaci\u00f3n y mantiene alta expectaci\u00f3n p\u00fablica por la gravedad del crimen y los v\u00ednculos familiares involucrados.<\/p>\n\n\n\n<p>La <strong>Fiscal Carolina Remy-Mayllet<\/strong> detall\u00f3 que la evidencia periciada por la PDI apunta a un posible montaje del imputado para simular un robo con violencia, descart\u00e1ndose hasta ahora la participaci\u00f3n de terceros. Tambi\u00e9n confirm\u00f3 que se analizar\u00e1n muestras biol\u00f3gicas y registros de c\u00e1maras para reforzar la l\u00ednea investigativa.<\/p>\n\n\n\n<p>Fuentes cercanas a la familia se\u00f1alaron que exist\u00edan <strong>conflictos previos entre los cu\u00f1ados<\/strong>, vinculados a disputas patrimoniales y tensiones familiares, lo que podr\u00eda haber motivado los hechos. Sin embargo, la defensa insiste en que Ugalde fue incriminado injustamente y que las pruebas no son concluyentes.<\/p>\n\n\n\n<p>El caso ha generado un fuerte impacto medi\u00e1tico y conmoci\u00f3n social, no solo por la brutalidad del crimen, sino tambi\u00e9n por tratarse de un hecho ocurrido en un entorno familiar de alto perfil. La audiencia de revisi\u00f3n de medidas cautelares se program\u00f3 para la pr\u00f3xima semana en el 4\u00b0 Juzgado de Garant\u00eda de Santiago.<\/p>\n","protected":false},"excerpt":{"rendered":"<p>Siguen surgiendo antecedentes en el caso del triple homicidio en La Reina, donde fueron asesinados Eduardo Cruz-Coke y sus dos hijos de 17 a\u00f1os.El principal imputado, Jorge Ugalde, quien cumple..<\/p>\n","protected":false},"author":9,"featured_media":15734,"comment_status":"closed","ping_status":"open","sticky":false,"template":"","format":"standard","meta":{"footnotes":""},"categories":[28,52],"tags":[],"class_list":["post-15732","post","type-post","status-publish","format-standard","has-post-thumbnail","hentry","category-actual","category-chile"],"rttpg_featured_image_url":{"full":["https:\/\/elconquistadorredloslagos.cl\/test\/wp-content\/uploads\/2025\/11\/decretan-prision-preventiva-para-detenido-por-triple-homicidio-en-la-reina-en-contexto-de-vif-1-1024x540-1.png",1024,540,false],"landscape":["https:\/\/elconquistadorredloslagos.cl\/test\/wp-content\/uploads\/2025\/11\/decretan-prision-preventiva-para-detenido-por-triple-homicidio-en-la-reina-en-contexto-de-vif-1-1024x540-1.png",1024,540,false],"portraits":["https:\/\/elconquistadorredloslagos.cl\/test\/wp-content\/uploads\/2025\/11\/decretan-prision-preventiva-para-detenido-por-triple-homicidio-en-la-reina-en-contexto-de-vif-1-1024x540-1.png",1024,540,false],"thumbnail":["https:\/\/elconquistadorredloslagos.cl\/test\/wp-content\/uploads\/2025\/11\/decretan-prision-preventiva-para-detenido-por-triple-homicidio-en-la-reina-en-contexto-de-vif-1-1024x540-1-150x150.png",150,150,true],"medium":["https:\/\/elconquistadorredloslagos.cl\/test\/wp-content\/uploads\/2025\/11\/decretan-prision-preventiva-para-detenido-por-triple-homicidio-en-la-reina-en-contexto-de-vif-1-1024x540-1-300x158.png",300,158,true],"large":["https:\/\/elconquistadorredloslagos.cl\/test\/wp-content\/uploads\/2025\/11\/decretan-prision-preventiva-para-detenido-por-triple-homicidio-en-la-reina-en-contexto-de-vif-1-1024x540-1.png",1024,540,false],"1536x1536":["https:\/\/elconquistadorredloslagos.cl\/test\/wp-content\/uploads\/2025\/11\/decretan-prision-preventiva-para-detenido-por-triple-homicidio-en-la-reina-en-contexto-de-vif-1-1024x540-1.png",1024,540,false],"2048x2048":["https:\/\/elconquistadorredloslagos.cl\/test\/wp-content\/uploads\/2025\/11\/decretan-prision-preventiva-para-detenido-por-triple-homicidio-en-la-reina-en-contexto-de-vif-1-1024x540-1.png",1024,540,false]},"rttpg_author":{"display_name":"mcifuentes","author_link":"https:\/\/elconquistadorredloslagos.cl\/test\/blog\/author\/mcifuentes\/"},"rttpg_comment":0,"rttpg_category":"<a href=\"https:\/\/elconquistadorredloslagos.cl\/test\/blog\/category\/actual\/\" rel=\"category tag\">Actualidad<\/a> <a href=\"https:\/\/elconquistadorredloslagos.cl\/test\/blog\/category\/chile\/\" rel=\"category tag\">Nacional<\/a>","rttpg_excerpt":"Siguen surgiendo antecedentes en el caso del triple homicidio en La Reina, donde fueron asesinados Eduardo Cruz-Coke y sus dos hijos de 17 a\u00f1os.El principal imputado, Jorge Ugalde, quien cumple..","_links":{"self":[{"href":"https:\/\/elconquistadorredloslagos.cl\/test\/wp-json\/wp\/v2\/posts\/15732","targetHints":{"allow":["GET"]}}],"collection":[{"href":"https:\/\/elconquistadorredloslagos.cl\/test\/wp-json\/wp\/v2\/posts"}],"about":[{"href":"https:\/\/elconquistadorredloslagos.cl\/test\/wp-json\/wp\/v2\/types\/post"}],"author":[{"embeddable":true,"href":"https:\/\/elconquistadorredloslagos.cl\/test\/wp-json\/wp\/v2\/users\/9"}],"replies":[{"embeddable":true,"href":"https:\/\/elconquistadorredloslagos.cl\/test\/wp-json\/wp\/v2\/comments?post=15732"}],"version-history":[{"count":1,"href":"https:\/\/elconquistadorredloslagos.cl\/test\/wp-json\/wp\/v2\/posts\/15732\/revisions"}],"predecessor-version":[{"id":15735,"href":"https:\/\/elconquistadorredloslagos.cl\/test\/wp-json\/wp\/v2\/posts\/15732\/revisions\/15735"}],"wp:featuredmedia":[{"embeddable":true,"href":"https:\/\/elconquistadorredloslagos.cl\/test\/wp-json\/wp\/v2\/media\/15734"}],"wp:attachment":[{"href":"https:\/\/elconquistadorredloslagos.cl\/test\/wp-json\/wp\/v2\/media?parent=15732"}],"wp:term":[{"taxonomy":"category","embeddable":true,"href":"https:\/\/elconquistadorredloslagos.cl\/test\/wp-json\/wp\/v2\/categories?post=15732"},{"taxonomy":"post_tag","embeddable":true,"href":"https:\/\/elconquistadorredloslagos.cl\/test\/wp-json\/wp\/v2\/tags?post=15732"}],"curies":[{"name":"wp","href":"https:\/\/api.w.org\/{rel}","templated":true}]}}