{"id":15724,"date":"2025-11-06T13:57:28","date_gmt":"2025-11-06T16:57:28","guid":{"rendered":"https:\/\/elconquistadorredloslagos.cl\/test\/?p=15724"},"modified":"2025-11-06T13:57:28","modified_gmt":"2025-11-06T16:57:28","slug":"agro-escala-2026-invita-a-emprendedores-del-agro-de-osorno-a-postular-a-su-nueva-edicion","status":"publish","type":"post","link":"https:\/\/elconquistadorredloslagos.cl\/test\/blog\/2025\/11\/06\/agro-escala-2026-invita-a-emprendedores-del-agro-de-osorno-a-postular-a-su-nueva-edicion\/","title":{"rendered":"Agro Escala 2026 invita a emprendedores del agro de Osorno a postular a su nueva edici\u00f3n"},"content":{"rendered":"\n<h3 class=\"wp-block-heading\"><\/h3>\n\n\n\n<p>La <strong>Fundaci\u00f3n Antonio Hitschfeld<\/strong> abri\u00f3 la quinta convocatoria del <strong>Programa Agro Escala 2026<\/strong>, una iniciativa que busca fortalecer a micro y peque\u00f1os emprendedores del sector silvoagropecuario de las regiones de Los Lagos y Los R\u00edos, promoviendo la <strong>innovaci\u00f3n, sostenibilidad y gesti\u00f3n eficiente<\/strong> como pilares del desarrollo rural.<\/p>\n\n\n\n<p>Inspirada en el legado de <strong>Antonio Hitschfeld<\/strong>, la Fundaci\u00f3n impulsa el desarrollo del agro como motor del progreso del sur de Chile, fomentando la diversificaci\u00f3n y profesionalizaci\u00f3n de quienes viven de este rubro. Desde su creaci\u00f3n, Agro Escala ha acompa\u00f1ado a m\u00e1s de <strong>60 emprendedores<\/strong>, consolidando una comunidad colaborativa que genera empleo, valor local y encadenamientos productivos en torno al agro.<\/p>\n\n\n\n<p>En esta nueva edici\u00f3n, el programa ofrecer\u00e1 un <strong>acompa\u00f1amiento integral<\/strong> a sus participantes mediante formaci\u00f3n, mentor\u00edas y acceso a financiamiento. Incluye cursos y talleres enfocados en fortalecer las capacidades de gesti\u00f3n y negocios, entregando herramientas pr\u00e1cticas para elaborar planes de crecimiento y mejorar la toma de decisiones.<\/p>\n\n\n\n<figure class=\"wp-block-gallery has-nested-images columns-default is-cropped wp-block-gallery-1 is-layout-flex wp-block-gallery-is-layout-flex\">\n<figure class=\"wp-block-image size-large\"><img loading=\"lazy\" decoding=\"async\" width=\"1024\" height=\"683\" data-id=\"15727\" src=\"https:\/\/elconquistadorredloslagos.cl\/test\/wp-content\/uploads\/2025\/11\/Noche-Escala-1024x683.jpg\" alt=\"\" class=\"wp-image-15727\" \/><\/figure>\n<\/figure>\n\n\n\n<p>Asimismo, contempla <strong>mentor\u00edas personalizadas con expertos<\/strong> para orientar el desarrollo estrat\u00e9gico de cada emprendimiento, junto con instancias de vinculaci\u00f3n que facilitan la creaci\u00f3n de redes y alianzas entre actores del sector. Adem\u00e1s, los seleccionados podr\u00e1n acceder a <strong>pr\u00e9stamos blandos<\/strong> para proyectos de inversi\u00f3n, apoyando as\u00ed la consolidaci\u00f3n y expansi\u00f3n de sus negocios.<\/p>\n\n\n\n<p>Podr\u00e1n postular <strong>emprendimientos de servicios para el sector silvoagropecuario<\/strong> con ventas anuales entre <strong>200 y 5.000 UF<\/strong>, con al menos <strong>seis meses de formalizaci\u00f3n y actividad<\/strong> en las provincias de <strong>Valdivia, Ranco, Osorno y Llanquihue<\/strong>. Las postulaciones est\u00e1n abiertas para personas mayores de 18 a\u00f1os, formalizadas en primera o segunda categor\u00eda.<\/p>\n\n\n\n<p>La presidenta de la Fundaci\u00f3n, <strong>Cecilia Neumann<\/strong>, destac\u00f3 la relevancia del programa para el futuro del agro en el sur de Chile:<\/p>\n\n\n\n<figure class=\"wp-block-image size-large\"><img loading=\"lazy\" decoding=\"async\" width=\"1024\" height=\"683\" src=\"https:\/\/elconquistadorredloslagos.cl\/test\/wp-content\/uploads\/2025\/11\/Taller-Noche-Escala-1024x683.jpg\" alt=\"\" class=\"wp-image-15728\" \/><\/figure>\n\n\n\n<blockquote class=\"wp-block-quote is-layout-flow wp-block-quote-is-layout-flow\">\n<p>\u201cCon Agro Escala queremos que los servicios asociados a la industria no solo crezcan, sino que tambi\u00e9n se proyecten en el tiempo con innovaci\u00f3n y profesionalismo. Cada versi\u00f3n ha demostrado que el talento y el trabajo del sur pueden ser una fuerza transformadora para nuestras comunidades rurales\u201d.<\/p>\n<\/blockquote>\n\n\n\n<p>Los interesados pueden revisar las bases y postular en <strong><a href=\"https:\/\/www.agroescala.cl\">www.agroescala.cl<\/a><\/strong>.<\/p>\n","protected":false},"excerpt":{"rendered":"<p>La Fundaci\u00f3n Antonio Hitschfeld abri\u00f3 la quinta convocatoria del Programa Agro Escala 2026, una iniciativa que busca fortalecer a micro y peque\u00f1os emprendedores del sector silvoagropecuario de las regiones de..<\/p>\n","protected":false},"author":9,"featured_media":15726,"comment_status":"closed","ping_status":"open","sticky":false,"template":"","format":"standard","meta":{"footnotes":""},"categories":[1,28,26,39,25,55,27],"tags":[],"class_list":["post-15724","post","type-post","status-publish","format-standard","has-post-thumbnail","hentry","category-acontecer","category-actual","category-comunidad","category-educacion","category-empresas","category-osorno","category-tecnologia"],"rttpg_featured_image_url":{"full":["https:\/\/elconquistadorredloslagos.cl\/test\/wp-content\/uploads\/2025\/11\/Bienvenida-Agro-Escala-scaled.jpg",2560,1707,false],"landscape":["https:\/\/elconquistadorredloslagos.cl\/test\/wp-content\/uploads\/2025\/11\/Bienvenida-Agro-Escala-scaled.jpg",2560,1707,false],"portraits":["https:\/\/elconquistadorredloslagos.cl\/test\/wp-content\/uploads\/2025\/11\/Bienvenida-Agro-Escala-scaled.jpg",2560,1707,false],"thumbnail":["https:\/\/elconquistadorredloslagos.cl\/test\/wp-content\/uploads\/2025\/11\/Bienvenida-Agro-Escala-150x150.jpg",150,150,true],"medium":["https:\/\/elconquistadorredloslagos.cl\/test\/wp-content\/uploads\/2025\/11\/Bienvenida-Agro-Escala-300x200.jpg",300,200,true],"large":["https:\/\/elconquistadorredloslagos.cl\/test\/wp-content\/uploads\/2025\/11\/Bienvenida-Agro-Escala-1024x683.jpg",1024,683,true],"1536x1536":["https:\/\/elconquistadorredloslagos.cl\/test\/wp-content\/uploads\/2025\/11\/Bienvenida-Agro-Escala-1536x1024.jpg",1536,1024,true],"2048x2048":["https:\/\/elconquistadorredloslagos.cl\/test\/wp-content\/uploads\/2025\/11\/Bienvenida-Agro-Escala-2048x1365.jpg",2048,1365,true]},"rttpg_author":{"display_name":"mcifuentes","author_link":"https:\/\/elconquistadorredloslagos.cl\/test\/blog\/author\/mcifuentes\/"},"rttpg_comment":0,"rttpg_category":"<a href=\"https:\/\/elconquistadorredloslagos.cl\/test\/blog\/category\/actual\/acontecer\/\" rel=\"category tag\">Acontecer<\/a> <a href=\"https:\/\/elconquistadorredloslagos.cl\/test\/blog\/category\/actual\/\" rel=\"category tag\">Actualidad<\/a> <a href=\"https:\/\/elconquistadorredloslagos.cl\/test\/blog\/category\/comunidad\/\" rel=\"category tag\">Comunidad<\/a> <a href=\"https:\/\/elconquistadorredloslagos.cl\/test\/blog\/category\/actual\/educacion\/\" rel=\"category tag\">Educaci\u00f3n<\/a> <a href=\"https:\/\/elconquistadorredloslagos.cl\/test\/blog\/category\/empresas\/\" rel=\"category tag\">Empresarial<\/a> <a href=\"https:\/\/elconquistadorredloslagos.cl\/test\/blog\/category\/chile\/osorno\/\" rel=\"category tag\">Osorno<\/a> <a href=\"https:\/\/elconquistadorredloslagos.cl\/test\/blog\/category\/actual\/tecnologia\/\" rel=\"category tag\">Tecnologias<\/a>","rttpg_excerpt":"La Fundaci\u00f3n Antonio Hitschfeld abri\u00f3 la quinta convocatoria del Programa Agro Escala 2026, una iniciativa que busca fortalecer a micro y peque\u00f1os emprendedores del sector silvoagropecuario de las regiones de..","_links":{"self":[{"href":"https:\/\/elconquistadorredloslagos.cl\/test\/wp-json\/wp\/v2\/posts\/15724","targetHints":{"allow":["GET"]}}],"collection":[{"href":"https:\/\/elconquistadorredloslagos.cl\/test\/wp-json\/wp\/v2\/posts"}],"about":[{"href":"https:\/\/elconquistadorredloslagos.cl\/test\/wp-json\/wp\/v2\/types\/post"}],"author":[{"embeddable":true,"href":"https:\/\/elconquistadorredloslagos.cl\/test\/wp-json\/wp\/v2\/users\/9"}],"replies":[{"embeddable":true,"href":"https:\/\/elconquistadorredloslagos.cl\/test\/wp-json\/wp\/v2\/comments?post=15724"}],"version-history":[{"count":1,"href":"https:\/\/elconquistadorredloslagos.cl\/test\/wp-json\/wp\/v2\/posts\/15724\/revisions"}],"predecessor-version":[{"id":15729,"href":"https:\/\/elconquistadorredloslagos.cl\/test\/wp-json\/wp\/v2\/posts\/15724\/revisions\/15729"}],"wp:featuredmedia":[{"embeddable":true,"href":"https:\/\/elconquistadorredloslagos.cl\/test\/wp-json\/wp\/v2\/media\/15726"}],"wp:attachment":[{"href":"https:\/\/elconquistadorredloslagos.cl\/test\/wp-json\/wp\/v2\/media?parent=15724"}],"wp:term":[{"taxonomy":"category","embeddable":true,"href":"https:\/\/elconquistadorredloslagos.cl\/test\/wp-json\/wp\/v2\/categories?post=15724"},{"taxonomy":"post_tag","embeddable":true,"href":"https:\/\/elconquistadorredloslagos.cl\/test\/wp-json\/wp\/v2\/tags?post=15724"}],"curies":[{"name":"wp","href":"https:\/\/api.w.org\/{rel}","templated":true}]}}