{"id":15707,"date":"2025-11-06T11:09:36","date_gmt":"2025-11-06T14:09:36","guid":{"rendered":"https:\/\/elconquistadorredloslagos.cl\/test\/?p=15707"},"modified":"2025-11-06T11:09:37","modified_gmt":"2025-11-06T14:09:37","slug":"hombre-sera-internado-en-hospital-psiquiatrico-por-maltrato-al-perrito-comunitario-lobito-en-ancud","status":"publish","type":"post","link":"https:\/\/elconquistadorredloslagos.cl\/test\/blog\/2025\/11\/06\/hombre-sera-internado-en-hospital-psiquiatrico-por-maltrato-al-perrito-comunitario-lobito-en-ancud\/","title":{"rendered":"Hombre ser\u00e1 internado en hospital psiqui\u00e1trico por maltrato al perrito comunitario \u201cLobito\u201d en Ancud"},"content":{"rendered":"\n<p>El Tribunal de Juicio Oral en lo Penal de Castro dict\u00f3 sentencia en el caso de maltrato animal extremo que afect\u00f3 al perrito comunitario \u201cLobito\u201d, hecho ocurrido en julio de 2024 en la comuna de Ancud.<\/p>\n\n\n\n<p>La investigaci\u00f3n estableci\u00f3 la responsabilidad de un hombre de 34 a\u00f1os, quien fue declarado inimputable debido a una condici\u00f3n mental, por lo que el tribunal orden\u00f3 su internaci\u00f3n en una secci\u00f3n de salud mental del Hospital de Ancud. La medida corresponde a 541 d\u00edas de custodia y tratamiento, adem\u00e1s de la designaci\u00f3n de curadores <em>ad litem<\/em> para el periodo posterior a su hospitalizaci\u00f3n.<\/p>\n\n\n\n<p>El fiscal Fernando Metzner, de la Fiscal\u00eda Local de Ancud, explic\u00f3 que durante el juicio se acredit\u00f3 mediante pruebas y testimonios la situaci\u00f3n psiqui\u00e1trica especial del acusado, lo que llev\u00f3 al tribunal a aplicar esta medida de seguridad en lugar de una pena de c\u00e1rcel. <\/p>\n\n\n\n<figure class=\"wp-block-audio\"><audio controls src=\"https:\/\/elconquistadorredloslagos.cl\/test\/wp-content\/uploads\/2025\/11\/FISCAL-ANCUD.mp3\"><\/audio><\/figure>\n\n\n\n<p>\u201cLobito\u201d era un perro comunitario muy querido por los vecinos del barrio Villa Esperanza, quienes lo cuidaban y alimentaban desde hace a\u00f1os. Su caso gener\u00f3 una fuerte reacci\u00f3n en la comunidad ancuditana y reabri\u00f3 el debate sobre la protecci\u00f3n de los animales y las sanciones frente al maltrato.<\/p>\n\n\n\n<p>\ud83d\udcf7 Redes sociales<\/p>\n","protected":false},"excerpt":{"rendered":"<p>El Tribunal de Juicio Oral en lo Penal de Castro dict\u00f3 sentencia en el caso de maltrato animal extremo que afect\u00f3 al perrito comunitario \u201cLobito\u201d, hecho ocurrido en julio de..<\/p>\n","protected":false},"author":2,"featured_media":15710,"comment_status":"closed","ping_status":"open","sticky":false,"template":"","format":"standard","meta":{"footnotes":""},"categories":[1,28,51],"tags":[],"class_list":["post-15707","post","type-post","status-publish","format-standard","has-post-thumbnail","hentry","category-acontecer","category-actual","category-chiloe"],"rttpg_featured_image_url":{"full":["https:\/\/elconquistadorredloslagos.cl\/test\/wp-content\/uploads\/2025\/11\/img-36.jpg",1920,1080,false],"landscape":["https:\/\/elconquistadorredloslagos.cl\/test\/wp-content\/uploads\/2025\/11\/img-36.jpg",1920,1080,false],"portraits":["https:\/\/elconquistadorredloslagos.cl\/test\/wp-content\/uploads\/2025\/11\/img-36.jpg",1920,1080,false],"thumbnail":["https:\/\/elconquistadorredloslagos.cl\/test\/wp-content\/uploads\/2025\/11\/img-36-150x150.jpg",150,150,true],"medium":["https:\/\/elconquistadorredloslagos.cl\/test\/wp-content\/uploads\/2025\/11\/img-36-300x169.jpg",300,169,true],"large":["https:\/\/elconquistadorredloslagos.cl\/test\/wp-content\/uploads\/2025\/11\/img-36-1024x576.jpg",1024,576,true],"1536x1536":["https:\/\/elconquistadorredloslagos.cl\/test\/wp-content\/uploads\/2025\/11\/img-36-1536x864.jpg",1536,864,true],"2048x2048":["https:\/\/elconquistadorredloslagos.cl\/test\/wp-content\/uploads\/2025\/11\/img-36.jpg",1920,1080,false]},"rttpg_author":{"display_name":"ccardenas","author_link":"https:\/\/elconquistadorredloslagos.cl\/test\/blog\/author\/ccardenas\/"},"rttpg_comment":0,"rttpg_category":"<a href=\"https:\/\/elconquistadorredloslagos.cl\/test\/blog\/category\/actual\/acontecer\/\" rel=\"category tag\">Acontecer<\/a> <a href=\"https:\/\/elconquistadorredloslagos.cl\/test\/blog\/category\/actual\/\" rel=\"category tag\">Actualidad<\/a> <a href=\"https:\/\/elconquistadorredloslagos.cl\/test\/blog\/category\/chile\/chiloe\/\" rel=\"category tag\">Chilo\u00e9<\/a>","rttpg_excerpt":"El Tribunal de Juicio Oral en lo Penal de Castro dict\u00f3 sentencia en el caso de maltrato animal extremo que afect\u00f3 al perrito comunitario \u201cLobito\u201d, hecho ocurrido en julio de..","_links":{"self":[{"href":"https:\/\/elconquistadorredloslagos.cl\/test\/wp-json\/wp\/v2\/posts\/15707","targetHints":{"allow":["GET"]}}],"collection":[{"href":"https:\/\/elconquistadorredloslagos.cl\/test\/wp-json\/wp\/v2\/posts"}],"about":[{"href":"https:\/\/elconquistadorredloslagos.cl\/test\/wp-json\/wp\/v2\/types\/post"}],"author":[{"embeddable":true,"href":"https:\/\/elconquistadorredloslagos.cl\/test\/wp-json\/wp\/v2\/users\/2"}],"replies":[{"embeddable":true,"href":"https:\/\/elconquistadorredloslagos.cl\/test\/wp-json\/wp\/v2\/comments?post=15707"}],"version-history":[{"count":1,"href":"https:\/\/elconquistadorredloslagos.cl\/test\/wp-json\/wp\/v2\/posts\/15707\/revisions"}],"predecessor-version":[{"id":15711,"href":"https:\/\/elconquistadorredloslagos.cl\/test\/wp-json\/wp\/v2\/posts\/15707\/revisions\/15711"}],"wp:featuredmedia":[{"embeddable":true,"href":"https:\/\/elconquistadorredloslagos.cl\/test\/wp-json\/wp\/v2\/media\/15710"}],"wp:attachment":[{"href":"https:\/\/elconquistadorredloslagos.cl\/test\/wp-json\/wp\/v2\/media?parent=15707"}],"wp:term":[{"taxonomy":"category","embeddable":true,"href":"https:\/\/elconquistadorredloslagos.cl\/test\/wp-json\/wp\/v2\/categories?post=15707"},{"taxonomy":"post_tag","embeddable":true,"href":"https:\/\/elconquistadorredloslagos.cl\/test\/wp-json\/wp\/v2\/tags?post=15707"}],"curies":[{"name":"wp","href":"https:\/\/api.w.org\/{rel}","templated":true}]}}