{"id":15655,"date":"2025-10-18T16:14:22","date_gmt":"2025-10-18T19:14:22","guid":{"rendered":"https:\/\/elconquistadorredloslagos.cl\/test\/?p=15655"},"modified":"2025-11-05T16:26:00","modified_gmt":"2025-11-05T19:26:00","slug":"gran-marco-de-publico-en-la-corrida-rosa-frutillar-2k","status":"publish","type":"post","link":"https:\/\/elconquistadorredloslagos.cl\/test\/blog\/2025\/10\/18\/gran-marco-de-publico-en-la-corrida-rosa-frutillar-2k\/","title":{"rendered":"Gran marco de p\u00fablico en la Corrida Rosa Frutillar 2K"},"content":{"rendered":"\n<p>Con un gran marco de p\u00fablico se desarroll\u00f3 la <strong>Corrida Rosa Frutillar 2K<\/strong>, actividad deportiva y familiar organizada en conmemoraci\u00f3n del <strong>D\u00eda Mundial contra el C\u00e1ncer de Mama<\/strong>, que tuvo lugar el pasado <strong>s\u00e1bado 18 de octubre<\/strong> en el <strong>Muelle de Frutillar, sector Costanera<\/strong>.<\/p>\n\n\n\n<p>La jornada reuni\u00f3 a cientos de vecinos, deportistas y familias que participaron en un ambiente de entusiasmo y solidaridad, promoviendo la importancia de la <strong>prevenci\u00f3n y detecci\u00f3n temprana del c\u00e1ncer de mama<\/strong>.<\/p>\n\n\n\n<p>El evento comenz\u00f3 a las <strong>09:00 horas con la entrega de kits deportivos<\/strong>, para luego dar inicio a la largada oficial a las <strong>10:00 horas<\/strong>, contando con la presencia de autoridades locales, instituciones de salud y agrupaciones sociales que apoyaron la iniciativa.<\/p>\n\n\n\n<p>La Corrida Rosa destac\u00f3 adem\u00e1s por su car\u00e1cter <strong>inclusivo y abierto a todo competidor<\/strong>, sum\u00e1ndose as\u00ed a las actividades comunales de promoci\u00f3n de estilos de vida saludable y concientizaci\u00f3n sobre el cuidado de la salud femenina.<\/p>\n\n\n\n<p>El alcalde <strong>Javier Arismendi<\/strong>, se refiri\u00f3 al evento.<\/p>\n\n\n\n<figure class=\"wp-block-video\"><video height=\"848\" style=\"aspect-ratio: 480 \/ 848;\" width=\"480\" controls src=\"https:\/\/elconquistadorredloslagos.cl\/test\/wp-content\/uploads\/2025\/11\/WhatsApp-Video-2025-11-05-at-16.00.35.mp4\"><\/video><\/figure>\n","protected":false},"excerpt":{"rendered":"<p>Con un gran marco de p\u00fablico se desarroll\u00f3 la Corrida Rosa Frutillar 2K, actividad deportiva y familiar organizada en conmemoraci\u00f3n del D\u00eda Mundial contra el C\u00e1ncer de Mama, que tuvo..<\/p>\n","protected":false},"author":7,"featured_media":15656,"comment_status":"closed","ping_status":"open","sticky":false,"template":"","format":"standard","meta":{"footnotes":""},"categories":[28],"tags":[],"class_list":["post-15655","post","type-post","status-publish","format-standard","has-post-thumbnail","hentry","category-actual"],"rttpg_featured_image_url":{"full":["https:\/\/elconquistadorredloslagos.cl\/test\/wp-content\/uploads\/2025\/11\/corrida-frutillar.png",1920,1080,false],"landscape":["https:\/\/elconquistadorredloslagos.cl\/test\/wp-content\/uploads\/2025\/11\/corrida-frutillar.png",1920,1080,false],"portraits":["https:\/\/elconquistadorredloslagos.cl\/test\/wp-content\/uploads\/2025\/11\/corrida-frutillar.png",1920,1080,false],"thumbnail":["https:\/\/elconquistadorredloslagos.cl\/test\/wp-content\/uploads\/2025\/11\/corrida-frutillar-150x150.png",150,150,true],"medium":["https:\/\/elconquistadorredloslagos.cl\/test\/wp-content\/uploads\/2025\/11\/corrida-frutillar-300x169.png",300,169,true],"large":["https:\/\/elconquistadorredloslagos.cl\/test\/wp-content\/uploads\/2025\/11\/corrida-frutillar-1024x576.png",1024,576,true],"1536x1536":["https:\/\/elconquistadorredloslagos.cl\/test\/wp-content\/uploads\/2025\/11\/corrida-frutillar-1536x864.png",1536,864,true],"2048x2048":["https:\/\/elconquistadorredloslagos.cl\/test\/wp-content\/uploads\/2025\/11\/corrida-frutillar.png",1920,1080,false]},"rttpg_author":{"display_name":"enzodelahoz1988","author_link":"https:\/\/elconquistadorredloslagos.cl\/test\/blog\/author\/enzodelahoz1988\/"},"rttpg_comment":0,"rttpg_category":"<a href=\"https:\/\/elconquistadorredloslagos.cl\/test\/blog\/category\/actual\/\" rel=\"category tag\">Actualidad<\/a>","rttpg_excerpt":"Con un gran marco de p\u00fablico se desarroll\u00f3 la Corrida Rosa Frutillar 2K, actividad deportiva y familiar organizada en conmemoraci\u00f3n del D\u00eda Mundial contra el C\u00e1ncer de Mama, que tuvo..","_links":{"self":[{"href":"https:\/\/elconquistadorredloslagos.cl\/test\/wp-json\/wp\/v2\/posts\/15655","targetHints":{"allow":["GET"]}}],"collection":[{"href":"https:\/\/elconquistadorredloslagos.cl\/test\/wp-json\/wp\/v2\/posts"}],"about":[{"href":"https:\/\/elconquistadorredloslagos.cl\/test\/wp-json\/wp\/v2\/types\/post"}],"author":[{"embeddable":true,"href":"https:\/\/elconquistadorredloslagos.cl\/test\/wp-json\/wp\/v2\/users\/7"}],"replies":[{"embeddable":true,"href":"https:\/\/elconquistadorredloslagos.cl\/test\/wp-json\/wp\/v2\/comments?post=15655"}],"version-history":[{"count":1,"href":"https:\/\/elconquistadorredloslagos.cl\/test\/wp-json\/wp\/v2\/posts\/15655\/revisions"}],"predecessor-version":[{"id":15658,"href":"https:\/\/elconquistadorredloslagos.cl\/test\/wp-json\/wp\/v2\/posts\/15655\/revisions\/15658"}],"wp:featuredmedia":[{"embeddable":true,"href":"https:\/\/elconquistadorredloslagos.cl\/test\/wp-json\/wp\/v2\/media\/15656"}],"wp:attachment":[{"href":"https:\/\/elconquistadorredloslagos.cl\/test\/wp-json\/wp\/v2\/media?parent=15655"}],"wp:term":[{"taxonomy":"category","embeddable":true,"href":"https:\/\/elconquistadorredloslagos.cl\/test\/wp-json\/wp\/v2\/categories?post=15655"},{"taxonomy":"post_tag","embeddable":true,"href":"https:\/\/elconquistadorredloslagos.cl\/test\/wp-json\/wp\/v2\/tags?post=15655"}],"curies":[{"name":"wp","href":"https:\/\/api.w.org\/{rel}","templated":true}]}}