{"id":15611,"date":"2025-11-04T14:21:48","date_gmt":"2025-11-04T17:21:48","guid":{"rendered":"https:\/\/elconquistadorredloslagos.cl\/test\/?p=15611"},"modified":"2025-11-04T14:21:48","modified_gmt":"2025-11-04T17:21:48","slug":"funcionaria-municipal-resulta-herida-tras-volcamiento-de-vehiculo-en-puerto-montt","status":"publish","type":"post","link":"https:\/\/elconquistadorredloslagos.cl\/test\/blog\/2025\/11\/04\/funcionaria-municipal-resulta-herida-tras-volcamiento-de-vehiculo-en-puerto-montt\/","title":{"rendered":"Funcionaria municipal resulta herida tras volcamiento de veh\u00edculo en Puerto Montt"},"content":{"rendered":"\n<p>Una funcionaria del Departamento de Salud Municipal de Puerto Montt result\u00f3 con lesiones leves luego de que el veh\u00edculo en el que se trasladaba volcara en el sector de Alto Bonito, en la regi\u00f3n de Los Lagos.<\/p>\n\n\n\n<p>El accidente se registr\u00f3 en la calle de Servicio, paralela a la Ruta 5 Sur, pocos metros antes del acceso a la c\u00e1rcel de la comuna. La mujer, \u00fanica ocupante del autom\u00f3vil, qued\u00f3 atrapada en el interior tras el impacto, presentando dolor en el cuello y uno de sus hombros.<\/p>\n\n\n\n<p>Hasta el lugar acudieron voluntarios de Bomberos, personal del SAMU y funcionarios de Carabineros, quienes trabajaron para estabilizar la situaci\u00f3n y asistir a la v\u00edctima.<\/p>\n\n\n\n<p>El teniente de la Octava Compa\u00f1\u00eda de Bomberos, V\u00edctor Escobar, indic\u00f3 que la conductora habr\u00eda perdido el control tras chocar contra un mont\u00edculo de tierra, provocando que el veh\u00edculo terminara volcado sobre su techo.<\/p>\n\n\n\n<p>La afectada fue atendida en el lugar y, tras ser estabilizada, se determin\u00f3 que presentaba lesiones de menor consideraci\u00f3n. Posteriormente qued\u00f3 a la espera de ser derivada a su mutualidad para evaluaci\u00f3n m\u00e9dica.<\/p>\n\n\n\n<p>\ud83d\udcf7 <a href=\"https:\/\/www.facebook.com\/Clubdecima\">Club de Emergencias D\u00e9cima Regi\u00f3n<\/a> &#8211; Facebook<\/p>\n","protected":false},"excerpt":{"rendered":"<p>Una funcionaria del Departamento de Salud Municipal de Puerto Montt result\u00f3 con lesiones leves luego de que el veh\u00edculo en el que se trasladaba volcara en el sector de Alto..<\/p>\n","protected":false},"author":2,"featured_media":15612,"comment_status":"closed","ping_status":"open","sticky":false,"template":"","format":"standard","meta":{"footnotes":""},"categories":[1,28,56],"tags":[],"class_list":["post-15611","post","type-post","status-publish","format-standard","has-post-thumbnail","hentry","category-acontecer","category-actual","category-puerto-montt"],"rttpg_featured_image_url":{"full":["https:\/\/elconquistadorredloslagos.cl\/test\/wp-content\/uploads\/2025\/11\/img-16.jpg",1920,1080,false],"landscape":["https:\/\/elconquistadorredloslagos.cl\/test\/wp-content\/uploads\/2025\/11\/img-16.jpg",1920,1080,false],"portraits":["https:\/\/elconquistadorredloslagos.cl\/test\/wp-content\/uploads\/2025\/11\/img-16.jpg",1920,1080,false],"thumbnail":["https:\/\/elconquistadorredloslagos.cl\/test\/wp-content\/uploads\/2025\/11\/img-16-150x150.jpg",150,150,true],"medium":["https:\/\/elconquistadorredloslagos.cl\/test\/wp-content\/uploads\/2025\/11\/img-16-300x169.jpg",300,169,true],"large":["https:\/\/elconquistadorredloslagos.cl\/test\/wp-content\/uploads\/2025\/11\/img-16-1024x576.jpg",1024,576,true],"1536x1536":["https:\/\/elconquistadorredloslagos.cl\/test\/wp-content\/uploads\/2025\/11\/img-16-1536x864.jpg",1536,864,true],"2048x2048":["https:\/\/elconquistadorredloslagos.cl\/test\/wp-content\/uploads\/2025\/11\/img-16.jpg",1920,1080,false]},"rttpg_author":{"display_name":"ccardenas","author_link":"https:\/\/elconquistadorredloslagos.cl\/test\/blog\/author\/ccardenas\/"},"rttpg_comment":0,"rttpg_category":"<a href=\"https:\/\/elconquistadorredloslagos.cl\/test\/blog\/category\/actual\/acontecer\/\" rel=\"category tag\">Acontecer<\/a> <a href=\"https:\/\/elconquistadorredloslagos.cl\/test\/blog\/category\/actual\/\" rel=\"category tag\">Actualidad<\/a> <a href=\"https:\/\/elconquistadorredloslagos.cl\/test\/blog\/category\/chile\/puerto-montt\/\" rel=\"category tag\">Puerto Montt<\/a>","rttpg_excerpt":"Una funcionaria del Departamento de Salud Municipal de Puerto Montt result\u00f3 con lesiones leves luego de que el veh\u00edculo en el que se trasladaba volcara en el sector de Alto..","_links":{"self":[{"href":"https:\/\/elconquistadorredloslagos.cl\/test\/wp-json\/wp\/v2\/posts\/15611","targetHints":{"allow":["GET"]}}],"collection":[{"href":"https:\/\/elconquistadorredloslagos.cl\/test\/wp-json\/wp\/v2\/posts"}],"about":[{"href":"https:\/\/elconquistadorredloslagos.cl\/test\/wp-json\/wp\/v2\/types\/post"}],"author":[{"embeddable":true,"href":"https:\/\/elconquistadorredloslagos.cl\/test\/wp-json\/wp\/v2\/users\/2"}],"replies":[{"embeddable":true,"href":"https:\/\/elconquistadorredloslagos.cl\/test\/wp-json\/wp\/v2\/comments?post=15611"}],"version-history":[{"count":1,"href":"https:\/\/elconquistadorredloslagos.cl\/test\/wp-json\/wp\/v2\/posts\/15611\/revisions"}],"predecessor-version":[{"id":15613,"href":"https:\/\/elconquistadorredloslagos.cl\/test\/wp-json\/wp\/v2\/posts\/15611\/revisions\/15613"}],"wp:featuredmedia":[{"embeddable":true,"href":"https:\/\/elconquistadorredloslagos.cl\/test\/wp-json\/wp\/v2\/media\/15612"}],"wp:attachment":[{"href":"https:\/\/elconquistadorredloslagos.cl\/test\/wp-json\/wp\/v2\/media?parent=15611"}],"wp:term":[{"taxonomy":"category","embeddable":true,"href":"https:\/\/elconquistadorredloslagos.cl\/test\/wp-json\/wp\/v2\/categories?post=15611"},{"taxonomy":"post_tag","embeddable":true,"href":"https:\/\/elconquistadorredloslagos.cl\/test\/wp-json\/wp\/v2\/tags?post=15611"}],"curies":[{"name":"wp","href":"https:\/\/api.w.org\/{rel}","templated":true}]}}