{"id":15608,"date":"2025-11-04T14:01:28","date_gmt":"2025-11-04T17:01:28","guid":{"rendered":"https:\/\/elconquistadorredloslagos.cl\/test\/?p=15608"},"modified":"2025-11-04T14:01:28","modified_gmt":"2025-11-04T17:01:28","slug":"cuatro-empresas-compiten-por-implementar-pago-electronico-en-buses-del-sur","status":"publish","type":"post","link":"https:\/\/elconquistadorredloslagos.cl\/test\/blog\/2025\/11\/04\/cuatro-empresas-compiten-por-implementar-pago-electronico-en-buses-del-sur\/","title":{"rendered":"Cuatro empresas compiten por implementar pago electr\u00f3nico en buses del sur"},"content":{"rendered":"\n<p>El Ministerio de Transportes y Telecomunicaciones inici\u00f3 el proceso para adjudicar el primer sistema de pago electr\u00f3nico en buses de las regiones de Los Lagos y Los R\u00edos, proyecto que ya despert\u00f3 el inter\u00e9s de cuatro empresas postulantes.<\/p>\n\n\n\n<p>La iniciativa busca modernizar el transporte p\u00fablico al incorporar validadores que permitir\u00e1n cancelar los pasajes con tarjetas bancarias, de transporte o mediante c\u00f3digos QR. El nuevo sistema contempla adem\u00e1s puntos de recarga y venta presencial, cinco centros de atenci\u00f3n al usuario y canales de soporte en l\u00ednea para ambas regiones. Junto con ello se adelant\u00f3 que se dispondr\u00e1 de atenci\u00f3n personalizada, considerando las brechas digitales existentes.<\/p>\n\n\n\n<p>Las propuestas ingresadas ser\u00e1n sometidas a un proceso de evaluaci\u00f3n t\u00e9cnica y econ\u00f3mica, tras verificar su admisibilidad. Se espera que el sistema entre en funcionamiento en 2026, beneficiando a usuarios de Osorno, Puerto Montt, Castro, Quell\u00f3n y Valdivia.<\/p>\n\n\n\n<p>\ud83d\udcf7 Referencial<\/p>\n","protected":false},"excerpt":{"rendered":"<p>El Ministerio de Transportes y Telecomunicaciones inici\u00f3 el proceso para adjudicar el primer sistema de pago electr\u00f3nico en buses de las regiones de Los Lagos y Los R\u00edos, proyecto que..<\/p>\n","protected":false},"author":2,"featured_media":15609,"comment_status":"closed","ping_status":"open","sticky":false,"template":"","format":"standard","meta":{"footnotes":""},"categories":[1,28,56],"tags":[],"class_list":["post-15608","post","type-post","status-publish","format-standard","has-post-thumbnail","hentry","category-acontecer","category-actual","category-puerto-montt"],"rttpg_featured_image_url":{"full":["https:\/\/elconquistadorredloslagos.cl\/test\/wp-content\/uploads\/2025\/11\/img-15.jpg",1920,1080,false],"landscape":["https:\/\/elconquistadorredloslagos.cl\/test\/wp-content\/uploads\/2025\/11\/img-15.jpg",1920,1080,false],"portraits":["https:\/\/elconquistadorredloslagos.cl\/test\/wp-content\/uploads\/2025\/11\/img-15.jpg",1920,1080,false],"thumbnail":["https:\/\/elconquistadorredloslagos.cl\/test\/wp-content\/uploads\/2025\/11\/img-15-150x150.jpg",150,150,true],"medium":["https:\/\/elconquistadorredloslagos.cl\/test\/wp-content\/uploads\/2025\/11\/img-15-300x169.jpg",300,169,true],"large":["https:\/\/elconquistadorredloslagos.cl\/test\/wp-content\/uploads\/2025\/11\/img-15-1024x576.jpg",1024,576,true],"1536x1536":["https:\/\/elconquistadorredloslagos.cl\/test\/wp-content\/uploads\/2025\/11\/img-15-1536x864.jpg",1536,864,true],"2048x2048":["https:\/\/elconquistadorredloslagos.cl\/test\/wp-content\/uploads\/2025\/11\/img-15.jpg",1920,1080,false]},"rttpg_author":{"display_name":"ccardenas","author_link":"https:\/\/elconquistadorredloslagos.cl\/test\/blog\/author\/ccardenas\/"},"rttpg_comment":0,"rttpg_category":"<a href=\"https:\/\/elconquistadorredloslagos.cl\/test\/blog\/category\/actual\/acontecer\/\" rel=\"category tag\">Acontecer<\/a> <a href=\"https:\/\/elconquistadorredloslagos.cl\/test\/blog\/category\/actual\/\" rel=\"category tag\">Actualidad<\/a> <a href=\"https:\/\/elconquistadorredloslagos.cl\/test\/blog\/category\/chile\/puerto-montt\/\" rel=\"category tag\">Puerto Montt<\/a>","rttpg_excerpt":"El Ministerio de Transportes y Telecomunicaciones inici\u00f3 el proceso para adjudicar el primer sistema de pago electr\u00f3nico en buses de las regiones de Los Lagos y Los R\u00edos, proyecto que..","_links":{"self":[{"href":"https:\/\/elconquistadorredloslagos.cl\/test\/wp-json\/wp\/v2\/posts\/15608","targetHints":{"allow":["GET"]}}],"collection":[{"href":"https:\/\/elconquistadorredloslagos.cl\/test\/wp-json\/wp\/v2\/posts"}],"about":[{"href":"https:\/\/elconquistadorredloslagos.cl\/test\/wp-json\/wp\/v2\/types\/post"}],"author":[{"embeddable":true,"href":"https:\/\/elconquistadorredloslagos.cl\/test\/wp-json\/wp\/v2\/users\/2"}],"replies":[{"embeddable":true,"href":"https:\/\/elconquistadorredloslagos.cl\/test\/wp-json\/wp\/v2\/comments?post=15608"}],"version-history":[{"count":1,"href":"https:\/\/elconquistadorredloslagos.cl\/test\/wp-json\/wp\/v2\/posts\/15608\/revisions"}],"predecessor-version":[{"id":15610,"href":"https:\/\/elconquistadorredloslagos.cl\/test\/wp-json\/wp\/v2\/posts\/15608\/revisions\/15610"}],"wp:featuredmedia":[{"embeddable":true,"href":"https:\/\/elconquistadorredloslagos.cl\/test\/wp-json\/wp\/v2\/media\/15609"}],"wp:attachment":[{"href":"https:\/\/elconquistadorredloslagos.cl\/test\/wp-json\/wp\/v2\/media?parent=15608"}],"wp:term":[{"taxonomy":"category","embeddable":true,"href":"https:\/\/elconquistadorredloslagos.cl\/test\/wp-json\/wp\/v2\/categories?post=15608"},{"taxonomy":"post_tag","embeddable":true,"href":"https:\/\/elconquistadorredloslagos.cl\/test\/wp-json\/wp\/v2\/tags?post=15608"}],"curies":[{"name":"wp","href":"https:\/\/api.w.org\/{rel}","templated":true}]}}