{"id":15605,"date":"2025-11-04T13:55:33","date_gmt":"2025-11-04T16:55:33","guid":{"rendered":"https:\/\/elconquistadorredloslagos.cl\/test\/?p=15605"},"modified":"2025-11-04T13:55:33","modified_gmt":"2025-11-04T16:55:33","slug":"fiscalia-confirma-femicidio-y-homicidio-en-violento-doble-crimen-de-puerto-montt","status":"publish","type":"post","link":"https:\/\/elconquistadorredloslagos.cl\/test\/blog\/2025\/11\/04\/fiscalia-confirma-femicidio-y-homicidio-en-violento-doble-crimen-de-puerto-montt\/","title":{"rendered":"Fiscal\u00eda confirma femicidio y homicidio en violento doble crimen de Puerto Montt"},"content":{"rendered":"\n<p>La Fiscal\u00eda confirm\u00f3 que el doble crimen ocurrido en el sector La Vara de Puerto Montt corresponde a un femicidio y un homicidio. El \u00fanico detenido es la expareja de la mujer asesinada, quien permanece internado en el Hospital de Puerto Montt tras dispararse en el abdomen cuando iba a ser arrestado por Carabineros.<\/p>\n\n\n\n<p>El hecho se registr\u00f3 la noche del domingo en una vivienda del pasaje Los Colonos, donde vecinos alertaron a la polic\u00eda luego de escuchar disparos y gritos. Al llegar al lugar, los funcionarios hallaron los cuerpos de S.M. y E.G., ambos con heridas de bala y lesiones cortopunzantes.<\/p>\n\n\n\n<p>El OS9 y el Laboratorio de Criminal\u00edstica de Carabineros realizaron diversas diligencias para esclarecer lo ocurrido, mientras la fiscal jefa de Puerto Montt, Myriam P\u00e9rez, confirm\u00f3 que el arresto del sospechoso se concret\u00f3 por orden del Juzgado de Garant\u00eda.<\/p>\n\n\n\n<p>El hombre habr\u00eda escapado del domicilio en un veh\u00edculo de aplicaci\u00f3n, pero fue ubicado en pasaje Schnaider, en Villa Artesan\u00eda, donde se dispar\u00f3 al intentar evitar la detenci\u00f3n. <\/p>\n","protected":false},"excerpt":{"rendered":"<p>La Fiscal\u00eda confirm\u00f3 que el doble crimen ocurrido en el sector La Vara de Puerto Montt corresponde a un femicidio y un homicidio. El \u00fanico detenido es la expareja de..<\/p>\n","protected":false},"author":2,"featured_media":15606,"comment_status":"closed","ping_status":"open","sticky":false,"template":"","format":"standard","meta":{"footnotes":""},"categories":[1,28,56],"tags":[],"class_list":["post-15605","post","type-post","status-publish","format-standard","has-post-thumbnail","hentry","category-acontecer","category-actual","category-puerto-montt"],"rttpg_featured_image_url":{"full":["https:\/\/elconquistadorredloslagos.cl\/test\/wp-content\/uploads\/2025\/11\/img-14.jpg",1920,1080,false],"landscape":["https:\/\/elconquistadorredloslagos.cl\/test\/wp-content\/uploads\/2025\/11\/img-14.jpg",1920,1080,false],"portraits":["https:\/\/elconquistadorredloslagos.cl\/test\/wp-content\/uploads\/2025\/11\/img-14.jpg",1920,1080,false],"thumbnail":["https:\/\/elconquistadorredloslagos.cl\/test\/wp-content\/uploads\/2025\/11\/img-14-150x150.jpg",150,150,true],"medium":["https:\/\/elconquistadorredloslagos.cl\/test\/wp-content\/uploads\/2025\/11\/img-14-300x169.jpg",300,169,true],"large":["https:\/\/elconquistadorredloslagos.cl\/test\/wp-content\/uploads\/2025\/11\/img-14-1024x576.jpg",1024,576,true],"1536x1536":["https:\/\/elconquistadorredloslagos.cl\/test\/wp-content\/uploads\/2025\/11\/img-14-1536x864.jpg",1536,864,true],"2048x2048":["https:\/\/elconquistadorredloslagos.cl\/test\/wp-content\/uploads\/2025\/11\/img-14.jpg",1920,1080,false]},"rttpg_author":{"display_name":"ccardenas","author_link":"https:\/\/elconquistadorredloslagos.cl\/test\/blog\/author\/ccardenas\/"},"rttpg_comment":0,"rttpg_category":"<a href=\"https:\/\/elconquistadorredloslagos.cl\/test\/blog\/category\/actual\/acontecer\/\" rel=\"category tag\">Acontecer<\/a> <a href=\"https:\/\/elconquistadorredloslagos.cl\/test\/blog\/category\/actual\/\" rel=\"category tag\">Actualidad<\/a> <a href=\"https:\/\/elconquistadorredloslagos.cl\/test\/blog\/category\/chile\/puerto-montt\/\" rel=\"category tag\">Puerto Montt<\/a>","rttpg_excerpt":"La Fiscal\u00eda confirm\u00f3 que el doble crimen ocurrido en el sector La Vara de Puerto Montt corresponde a un femicidio y un homicidio. El \u00fanico detenido es la expareja de..","_links":{"self":[{"href":"https:\/\/elconquistadorredloslagos.cl\/test\/wp-json\/wp\/v2\/posts\/15605","targetHints":{"allow":["GET"]}}],"collection":[{"href":"https:\/\/elconquistadorredloslagos.cl\/test\/wp-json\/wp\/v2\/posts"}],"about":[{"href":"https:\/\/elconquistadorredloslagos.cl\/test\/wp-json\/wp\/v2\/types\/post"}],"author":[{"embeddable":true,"href":"https:\/\/elconquistadorredloslagos.cl\/test\/wp-json\/wp\/v2\/users\/2"}],"replies":[{"embeddable":true,"href":"https:\/\/elconquistadorredloslagos.cl\/test\/wp-json\/wp\/v2\/comments?post=15605"}],"version-history":[{"count":1,"href":"https:\/\/elconquistadorredloslagos.cl\/test\/wp-json\/wp\/v2\/posts\/15605\/revisions"}],"predecessor-version":[{"id":15607,"href":"https:\/\/elconquistadorredloslagos.cl\/test\/wp-json\/wp\/v2\/posts\/15605\/revisions\/15607"}],"wp:featuredmedia":[{"embeddable":true,"href":"https:\/\/elconquistadorredloslagos.cl\/test\/wp-json\/wp\/v2\/media\/15606"}],"wp:attachment":[{"href":"https:\/\/elconquistadorredloslagos.cl\/test\/wp-json\/wp\/v2\/media?parent=15605"}],"wp:term":[{"taxonomy":"category","embeddable":true,"href":"https:\/\/elconquistadorredloslagos.cl\/test\/wp-json\/wp\/v2\/categories?post=15605"},{"taxonomy":"post_tag","embeddable":true,"href":"https:\/\/elconquistadorredloslagos.cl\/test\/wp-json\/wp\/v2\/tags?post=15605"}],"curies":[{"name":"wp","href":"https:\/\/api.w.org\/{rel}","templated":true}]}}