{"id":15596,"date":"2025-11-04T12:47:38","date_gmt":"2025-11-04T15:47:38","guid":{"rendered":"https:\/\/elconquistadorredloslagos.cl\/test\/?p=15596"},"modified":"2025-11-04T12:47:39","modified_gmt":"2025-11-04T15:47:39","slug":"consultas-por-enfermedades-respiratorias-se-disparan-en-chiloe-y-preocupan-a-autoridades-de-salud","status":"publish","type":"post","link":"https:\/\/elconquistadorredloslagos.cl\/test\/blog\/2025\/11\/04\/consultas-por-enfermedades-respiratorias-se-disparan-en-chiloe-y-preocupan-a-autoridades-de-salud\/","title":{"rendered":"Consultas por enfermedades respiratorias se disparan en Chilo\u00e9 y preocupan a autoridades de salud"},"content":{"rendered":"\n<p>En las \u00faltimas semanas, los servicios de urgencia de la provincia han registrado un incremento del 160% en las consultas por enfermedades respiratorias. Factores clim\u00e1ticos, mayor movilidad y cambios de h\u00e1bitos estar\u00edan detr\u00e1s de este aumento que se refleja tanto en hospitales como en la atenci\u00f3n primaria.<\/p>\n\n\n\n<p>El Servicio de Salud Chilo\u00e9 inform\u00f3 que entre fines de septiembre y octubre las atenciones diarias pasaron de 100 a 260 en promedio. Solo en el SAR de Castro se han atendido cerca de 150 personas al d\u00eda, con un peak de 228 en una jornada.<\/p>\n\n\n\n<p>Seg\u00fan Marcelo Cristi, subdirector de Gesti\u00f3n Asistencial, la combinaci\u00f3n de virus como influenza, parainfluenza y sincicial, sumada a las variaciones del clima entre invierno y primavera, ha favorecido la propagaci\u00f3n. Agreg\u00f3 que los equipos mantienen vigilancia epidemiol\u00f3gica activa y refuerzan los diagn\u00f3sticos para orientar la respuesta asistencial.<\/p>\n\n\n\n<p>La seremi de Salud, Karin Sol\u00eds, destac\u00f3 que el adelantamiento de la campa\u00f1a de vacunaci\u00f3n permiti\u00f3 enfrentar mejor el alza viral, aunque reconoci\u00f3 baja cobertura en mayores de 65 a\u00f1os. En Chilo\u00e9, la positividad llega al 62%, afectando sobre todo a lactantes y adultos mayores.<\/p>\n\n\n\n<p>Desde el SAR de Castro, la enfermera Christine Becker detall\u00f3 que las consultas siguen altas pese al cambio de estaci\u00f3n. \u201cEstamos igual o peor que en invierno\u201d, advirti\u00f3, llamando a mantener medidas preventivas y acudir oportunamente ante s\u00edntomas graves.<\/p>\n\n\n\n<p>\ud83d\udcf7 Referencial<\/p>\n","protected":false},"excerpt":{"rendered":"<p>En las \u00faltimas semanas, los servicios de urgencia de la provincia han registrado un incremento del 160% en las consultas por enfermedades respiratorias. Factores clim\u00e1ticos, mayor movilidad y cambios de..<\/p>\n","protected":false},"author":2,"featured_media":15597,"comment_status":"closed","ping_status":"open","sticky":false,"template":"","format":"standard","meta":{"footnotes":""},"categories":[1,28,51],"tags":[],"class_list":["post-15596","post","type-post","status-publish","format-standard","has-post-thumbnail","hentry","category-acontecer","category-actual","category-chiloe"],"rttpg_featured_image_url":{"full":["https:\/\/elconquistadorredloslagos.cl\/test\/wp-content\/uploads\/2025\/11\/img-11.jpg",1920,1080,false],"landscape":["https:\/\/elconquistadorredloslagos.cl\/test\/wp-content\/uploads\/2025\/11\/img-11.jpg",1920,1080,false],"portraits":["https:\/\/elconquistadorredloslagos.cl\/test\/wp-content\/uploads\/2025\/11\/img-11.jpg",1920,1080,false],"thumbnail":["https:\/\/elconquistadorredloslagos.cl\/test\/wp-content\/uploads\/2025\/11\/img-11-150x150.jpg",150,150,true],"medium":["https:\/\/elconquistadorredloslagos.cl\/test\/wp-content\/uploads\/2025\/11\/img-11-300x169.jpg",300,169,true],"large":["https:\/\/elconquistadorredloslagos.cl\/test\/wp-content\/uploads\/2025\/11\/img-11-1024x576.jpg",1024,576,true],"1536x1536":["https:\/\/elconquistadorredloslagos.cl\/test\/wp-content\/uploads\/2025\/11\/img-11-1536x864.jpg",1536,864,true],"2048x2048":["https:\/\/elconquistadorredloslagos.cl\/test\/wp-content\/uploads\/2025\/11\/img-11.jpg",1920,1080,false]},"rttpg_author":{"display_name":"ccardenas","author_link":"https:\/\/elconquistadorredloslagos.cl\/test\/blog\/author\/ccardenas\/"},"rttpg_comment":0,"rttpg_category":"<a href=\"https:\/\/elconquistadorredloslagos.cl\/test\/blog\/category\/actual\/acontecer\/\" rel=\"category tag\">Acontecer<\/a> <a href=\"https:\/\/elconquistadorredloslagos.cl\/test\/blog\/category\/actual\/\" rel=\"category tag\">Actualidad<\/a> <a href=\"https:\/\/elconquistadorredloslagos.cl\/test\/blog\/category\/chile\/chiloe\/\" rel=\"category tag\">Chilo\u00e9<\/a>","rttpg_excerpt":"En las \u00faltimas semanas, los servicios de urgencia de la provincia han registrado un incremento del 160% en las consultas por enfermedades respiratorias. Factores clim\u00e1ticos, mayor movilidad y cambios de..","_links":{"self":[{"href":"https:\/\/elconquistadorredloslagos.cl\/test\/wp-json\/wp\/v2\/posts\/15596","targetHints":{"allow":["GET"]}}],"collection":[{"href":"https:\/\/elconquistadorredloslagos.cl\/test\/wp-json\/wp\/v2\/posts"}],"about":[{"href":"https:\/\/elconquistadorredloslagos.cl\/test\/wp-json\/wp\/v2\/types\/post"}],"author":[{"embeddable":true,"href":"https:\/\/elconquistadorredloslagos.cl\/test\/wp-json\/wp\/v2\/users\/2"}],"replies":[{"embeddable":true,"href":"https:\/\/elconquistadorredloslagos.cl\/test\/wp-json\/wp\/v2\/comments?post=15596"}],"version-history":[{"count":1,"href":"https:\/\/elconquistadorredloslagos.cl\/test\/wp-json\/wp\/v2\/posts\/15596\/revisions"}],"predecessor-version":[{"id":15598,"href":"https:\/\/elconquistadorredloslagos.cl\/test\/wp-json\/wp\/v2\/posts\/15596\/revisions\/15598"}],"wp:featuredmedia":[{"embeddable":true,"href":"https:\/\/elconquistadorredloslagos.cl\/test\/wp-json\/wp\/v2\/media\/15597"}],"wp:attachment":[{"href":"https:\/\/elconquistadorredloslagos.cl\/test\/wp-json\/wp\/v2\/media?parent=15596"}],"wp:term":[{"taxonomy":"category","embeddable":true,"href":"https:\/\/elconquistadorredloslagos.cl\/test\/wp-json\/wp\/v2\/categories?post=15596"},{"taxonomy":"post_tag","embeddable":true,"href":"https:\/\/elconquistadorredloslagos.cl\/test\/wp-json\/wp\/v2\/tags?post=15596"}],"curies":[{"name":"wp","href":"https:\/\/api.w.org\/{rel}","templated":true}]}}