{"id":15581,"date":"2025-11-03T16:58:01","date_gmt":"2025-11-03T19:58:01","guid":{"rendered":"https:\/\/elconquistadorredloslagos.cl\/test\/?p=15581"},"modified":"2025-11-03T16:58:02","modified_gmt":"2025-11-03T19:58:02","slug":"puerto-montt-actualiza-tarifa-de-losa-del-terminal-de-buses-tras-mas-de-dos-decadas-congelada","status":"publish","type":"post","link":"https:\/\/elconquistadorredloslagos.cl\/test\/blog\/2025\/11\/03\/puerto-montt-actualiza-tarifa-de-losa-del-terminal-de-buses-tras-mas-de-dos-decadas-congelada\/","title":{"rendered":"Puerto Montt actualiza tarifa de losa del Terminal de Buses tras m\u00e1s de dos d\u00e9cadas congelada"},"content":{"rendered":"\n<p>Despu\u00e9s de 21 a\u00f1os sin modificaciones, el Concejo Municipal de Puerto Montt aprob\u00f3 un aumento del 75% en el valor de uso de la losa del Terminal de Buses. La medida busca generar mayores ingresos para fortalecer la seguridad, el orden y la infraestructura del recinto.<\/p>\n\n\n\n<p>El director de Concesiones, Sergio Barr\u00eda Matus, explic\u00f3 que las tarifas estaban desactualizadas desde 2004 y eran significativamente m\u00e1s bajas que en ciudades como Osorno o Valdivia. A\u00f1adi\u00f3 que el reajuste no deber\u00eda implicar un alza relevante en los pasajes: se proyecta un incremento m\u00e1ximo de 66 pesos en viajes de larga distancia y de 39 pesos en trayectos cortos.<\/p>\n\n\n\n<p>El acuerdo con la concesionaria IPSA, vigente hasta 2049, tambi\u00e9n considera mejoras en vigilancia, con la instalaci\u00f3n de 20 nuevas c\u00e1maras, una caseta de monitoreo y un aumento de guardias. Adem\u00e1s, se ampliar\u00e1 la zona de espera con 40 nuevos asientos y se modernizar\u00e1n los servicios para conductores y pasajeros.<\/p>\n","protected":false},"excerpt":{"rendered":"<p>Despu\u00e9s de 21 a\u00f1os sin modificaciones, el Concejo Municipal de Puerto Montt aprob\u00f3 un aumento del 75% en el valor de uso de la losa del Terminal de Buses. La..<\/p>\n","protected":false},"author":2,"featured_media":15582,"comment_status":"closed","ping_status":"open","sticky":false,"template":"","format":"standard","meta":{"footnotes":""},"categories":[1,28,56],"tags":[],"class_list":["post-15581","post","type-post","status-publish","format-standard","has-post-thumbnail","hentry","category-acontecer","category-actual","category-puerto-montt"],"rttpg_featured_image_url":{"full":["https:\/\/elconquistadorredloslagos.cl\/test\/wp-content\/uploads\/2025\/11\/IMG-8.jpg",1920,1080,false],"landscape":["https:\/\/elconquistadorredloslagos.cl\/test\/wp-content\/uploads\/2025\/11\/IMG-8.jpg",1920,1080,false],"portraits":["https:\/\/elconquistadorredloslagos.cl\/test\/wp-content\/uploads\/2025\/11\/IMG-8.jpg",1920,1080,false],"thumbnail":["https:\/\/elconquistadorredloslagos.cl\/test\/wp-content\/uploads\/2025\/11\/IMG-8-150x150.jpg",150,150,true],"medium":["https:\/\/elconquistadorredloslagos.cl\/test\/wp-content\/uploads\/2025\/11\/IMG-8-300x169.jpg",300,169,true],"large":["https:\/\/elconquistadorredloslagos.cl\/test\/wp-content\/uploads\/2025\/11\/IMG-8-1024x576.jpg",1024,576,true],"1536x1536":["https:\/\/elconquistadorredloslagos.cl\/test\/wp-content\/uploads\/2025\/11\/IMG-8-1536x864.jpg",1536,864,true],"2048x2048":["https:\/\/elconquistadorredloslagos.cl\/test\/wp-content\/uploads\/2025\/11\/IMG-8.jpg",1920,1080,false]},"rttpg_author":{"display_name":"ccardenas","author_link":"https:\/\/elconquistadorredloslagos.cl\/test\/blog\/author\/ccardenas\/"},"rttpg_comment":0,"rttpg_category":"<a href=\"https:\/\/elconquistadorredloslagos.cl\/test\/blog\/category\/actual\/acontecer\/\" rel=\"category tag\">Acontecer<\/a> <a href=\"https:\/\/elconquistadorredloslagos.cl\/test\/blog\/category\/actual\/\" rel=\"category tag\">Actualidad<\/a> <a href=\"https:\/\/elconquistadorredloslagos.cl\/test\/blog\/category\/chile\/puerto-montt\/\" rel=\"category tag\">Puerto Montt<\/a>","rttpg_excerpt":"Despu\u00e9s de 21 a\u00f1os sin modificaciones, el Concejo Municipal de Puerto Montt aprob\u00f3 un aumento del 75% en el valor de uso de la losa del Terminal de Buses. La..","_links":{"self":[{"href":"https:\/\/elconquistadorredloslagos.cl\/test\/wp-json\/wp\/v2\/posts\/15581","targetHints":{"allow":["GET"]}}],"collection":[{"href":"https:\/\/elconquistadorredloslagos.cl\/test\/wp-json\/wp\/v2\/posts"}],"about":[{"href":"https:\/\/elconquistadorredloslagos.cl\/test\/wp-json\/wp\/v2\/types\/post"}],"author":[{"embeddable":true,"href":"https:\/\/elconquistadorredloslagos.cl\/test\/wp-json\/wp\/v2\/users\/2"}],"replies":[{"embeddable":true,"href":"https:\/\/elconquistadorredloslagos.cl\/test\/wp-json\/wp\/v2\/comments?post=15581"}],"version-history":[{"count":1,"href":"https:\/\/elconquistadorredloslagos.cl\/test\/wp-json\/wp\/v2\/posts\/15581\/revisions"}],"predecessor-version":[{"id":15583,"href":"https:\/\/elconquistadorredloslagos.cl\/test\/wp-json\/wp\/v2\/posts\/15581\/revisions\/15583"}],"wp:featuredmedia":[{"embeddable":true,"href":"https:\/\/elconquistadorredloslagos.cl\/test\/wp-json\/wp\/v2\/media\/15582"}],"wp:attachment":[{"href":"https:\/\/elconquistadorredloslagos.cl\/test\/wp-json\/wp\/v2\/media?parent=15581"}],"wp:term":[{"taxonomy":"category","embeddable":true,"href":"https:\/\/elconquistadorredloslagos.cl\/test\/wp-json\/wp\/v2\/categories?post=15581"},{"taxonomy":"post_tag","embeddable":true,"href":"https:\/\/elconquistadorredloslagos.cl\/test\/wp-json\/wp\/v2\/tags?post=15581"}],"curies":[{"name":"wp","href":"https:\/\/api.w.org\/{rel}","templated":true}]}}