{"id":15563,"date":"2025-11-03T13:37:31","date_gmt":"2025-11-03T16:37:31","guid":{"rendered":"https:\/\/elconquistadorredloslagos.cl\/test\/?p=15563"},"modified":"2025-11-03T13:53:12","modified_gmt":"2025-11-03T16:53:12","slug":"juzgado-decreta-internacion-provisoria-para-adolescente-acusada-de-matar-a-su-madre-en-puerto-varas","status":"publish","type":"post","link":"https:\/\/elconquistadorredloslagos.cl\/test\/blog\/2025\/11\/03\/juzgado-decreta-internacion-provisoria-para-adolescente-acusada-de-matar-a-su-madre-en-puerto-varas\/","title":{"rendered":"Juzgado decreta internaci\u00f3n provisoria para adolescente acusada de matar a su madre en Puerto Varas"},"content":{"rendered":"\n<p>El Juzgado de Garant\u00eda de Puerto Varas orden\u00f3 la internaci\u00f3n provisoria de una adolescente de 16 a\u00f1os acusada de asesinar a su madre en una vivienda del sector Club de Campo. La joven cumplir\u00e1 la medida cautelar en el Centro de Reinserci\u00f3n Social Juvenil de Puerto Montt, mientras se desarrollan las diligencias investigativas.<\/p>\n\n\n\n<p>El crimen, ocurrido al mediod\u00eda del 30 de octubre, conmocion\u00f3 a la comunidad local. La v\u00edctima, de 33 a\u00f1os, fue hallada con una herida de bala en la cabeza. Dos d\u00edas despu\u00e9s, la menor fue detenida en el mall Paseo Costanera de Puerto Montt, tras un operativo de la Brigada de Homicidios de la PDI.<\/p>\n\n\n\n<p>El jefe de la unidad, subprefecto Carlos Saavedra, explic\u00f3 que mediante an\u00e1lisis tecnol\u00f3gicos y declaraciones de testigos se logr\u00f3 establecer la participaci\u00f3n de la adolescente en el hecho.<\/p>\n\n\n\n<figure class=\"wp-block-audio\"><audio controls src=\"https:\/\/elconquistadorredloslagos.cl\/test\/wp-content\/uploads\/2025\/11\/CUNA-PDI.mp3\"><\/audio><\/figure>\n\n\n\n<p>Debido a la naturaleza del caso, la investigaci\u00f3n fue declarada reservada y se fij\u00f3 un plazo de 60 d\u00edas para su desarrollo, resguardando la identidad de la imputada y de las v\u00edctimas indirectas.<\/p>\n\n\n\n<p>\ud83d\udcf7 Referencial<\/p>\n","protected":false},"excerpt":{"rendered":"<p>El Juzgado de Garant\u00eda de Puerto Varas orden\u00f3 la internaci\u00f3n provisoria de una adolescente de 16 a\u00f1os acusada de asesinar a su madre en una vivienda del sector Club de..<\/p>\n","protected":false},"author":2,"featured_media":0,"comment_status":"closed","ping_status":"open","sticky":false,"template":"","format":"standard","meta":{"footnotes":""},"categories":[1,28,56],"tags":[],"class_list":["post-15563","post","type-post","status-publish","format-standard","hentry","category-acontecer","category-actual","category-puerto-montt"],"rttpg_featured_image_url":null,"rttpg_author":{"display_name":"ccardenas","author_link":"https:\/\/elconquistadorredloslagos.cl\/test\/blog\/author\/ccardenas\/"},"rttpg_comment":0,"rttpg_category":"<a href=\"https:\/\/elconquistadorredloslagos.cl\/test\/blog\/category\/actual\/acontecer\/\" rel=\"category tag\">Acontecer<\/a> <a href=\"https:\/\/elconquistadorredloslagos.cl\/test\/blog\/category\/actual\/\" rel=\"category tag\">Actualidad<\/a> <a href=\"https:\/\/elconquistadorredloslagos.cl\/test\/blog\/category\/chile\/puerto-montt\/\" rel=\"category tag\">Puerto Montt<\/a>","rttpg_excerpt":"El Juzgado de Garant\u00eda de Puerto Varas orden\u00f3 la internaci\u00f3n provisoria de una adolescente de 16 a\u00f1os acusada de asesinar a su madre en una vivienda del sector Club de..","_links":{"self":[{"href":"https:\/\/elconquistadorredloslagos.cl\/test\/wp-json\/wp\/v2\/posts\/15563","targetHints":{"allow":["GET"]}}],"collection":[{"href":"https:\/\/elconquistadorredloslagos.cl\/test\/wp-json\/wp\/v2\/posts"}],"about":[{"href":"https:\/\/elconquistadorredloslagos.cl\/test\/wp-json\/wp\/v2\/types\/post"}],"author":[{"embeddable":true,"href":"https:\/\/elconquistadorredloslagos.cl\/test\/wp-json\/wp\/v2\/users\/2"}],"replies":[{"embeddable":true,"href":"https:\/\/elconquistadorredloslagos.cl\/test\/wp-json\/wp\/v2\/comments?post=15563"}],"version-history":[{"count":2,"href":"https:\/\/elconquistadorredloslagos.cl\/test\/wp-json\/wp\/v2\/posts\/15563\/revisions"}],"predecessor-version":[{"id":15571,"href":"https:\/\/elconquistadorredloslagos.cl\/test\/wp-json\/wp\/v2\/posts\/15563\/revisions\/15571"}],"wp:attachment":[{"href":"https:\/\/elconquistadorredloslagos.cl\/test\/wp-json\/wp\/v2\/media?parent=15563"}],"wp:term":[{"taxonomy":"category","embeddable":true,"href":"https:\/\/elconquistadorredloslagos.cl\/test\/wp-json\/wp\/v2\/categories?post=15563"},{"taxonomy":"post_tag","embeddable":true,"href":"https:\/\/elconquistadorredloslagos.cl\/test\/wp-json\/wp\/v2\/tags?post=15563"}],"curies":[{"name":"wp","href":"https:\/\/api.w.org\/{rel}","templated":true}]}}