{"id":15556,"date":"2025-11-03T13:15:45","date_gmt":"2025-11-03T16:15:45","guid":{"rendered":"https:\/\/elconquistadorredloslagos.cl\/test\/?p=15556"},"modified":"2025-11-03T13:15:46","modified_gmt":"2025-11-03T16:15:46","slug":"alcaldes-de-chiloe-advierten-impacto-por-quiebra-de-empresa-a-cargo-del-mantenimiento-vial","status":"publish","type":"post","link":"https:\/\/elconquistadorredloslagos.cl\/test\/blog\/2025\/11\/03\/alcaldes-de-chiloe-advierten-impacto-por-quiebra-de-empresa-a-cargo-del-mantenimiento-vial\/","title":{"rendered":"Alcaldes de Chilo\u00e9 advierten impacto por quiebra de empresa a cargo del mantenimiento vial"},"content":{"rendered":"\n<p>Preocupaci\u00f3n existe entre los alcaldes de la provincia de Chilo\u00e9 tras la paralizaci\u00f3n de obras de la empresa Inversiones Tranqui SpA, responsable de la mantenci\u00f3n de caminos en comunas como Qu\u00e9ilen, Ancud, Quinchao, Curaco de V\u00e9lez y Chonchi.<\/p>\n\n\n\n<p>El alcalde Marcos Vargas de Queilen (una de las m\u00e1s afectadas por esta situaci\u00f3n) calific\u00f3 lo que acontece como \u201cmuy lamentable\u201d, se\u00f1alando que el desenlace era previsible y que tendr\u00e1 consecuencias financieras y sociales, especialmente para sectores rurales que ver\u00e1n postergadas las mejoras viales.<\/p>\n\n\n\n<figure class=\"wp-block-audio\"><audio controls src=\"https:\/\/elconquistadorredloslagos.cl\/test\/wp-content\/uploads\/2025\/11\/MARCOS-VARGAS-1.mp3\"><\/audio><\/figure>\n\n\n\n<p>Vargas advirti\u00f3 que considerando la lentitud de los procesos de liquidaci\u00f3n en la administraci\u00f3n p\u00fablica, es probable que reci\u00e9n antes del invierno de 2026 se reactive una nueva licitaci\u00f3n, recayendo mientras tanto la responsabilidad del mantenimiento en los municipios.<\/p>\n\n\n\n<figure class=\"wp-block-audio\"><audio controls src=\"https:\/\/elconquistadorredloslagos.cl\/test\/wp-content\/uploads\/2025\/11\/MARCOS-VARGAS-2.mp3\"><\/audio><\/figure>\n\n\n\n<p>El jefe comunal insisti\u00f3 en que este caso no es aislado y refleja una pr\u00e1ctica reiterada con empresas sin la solvencia ni experiencia suficiente. Por ello, llam\u00f3 al Ministerio de Obras P\u00fablicas y a Vialidad a establecer criterios m\u00e1s exigentes en futuras licitaciones.<\/p>\n\n\n\n<figure class=\"wp-block-audio\"><audio controls src=\"https:\/\/elconquistadorredloslagos.cl\/test\/wp-content\/uploads\/2025\/11\/MARCOS-VARGAS-3.mp3\"><\/audio><\/figure>\n\n\n\n<p>Mientras tanto, representantes de Vialidad participaron este lunes en una reuni\u00f3n en Tolquien, comuna de Curaco de V\u00e9lez, junto a trabajadores y autoridades locales. El alcalde de Quinchao, Ren\u00e9 Garc\u00e9s, enfatiz\u00f3 que la empresa debe asumir su responsabilidad, hecho que ya fue informado a la serem\u00eda de Obras P\u00fablicas.<\/p>\n\n\n\n<p>\ud83d\udcf7 Referencial<\/p>\n","protected":false},"excerpt":{"rendered":"<p>Preocupaci\u00f3n existe entre los alcaldes de la provincia de Chilo\u00e9 tras la paralizaci\u00f3n de obras de la empresa Inversiones Tranqui SpA, responsable de la mantenci\u00f3n de caminos en comunas como..<\/p>\n","protected":false},"author":2,"featured_media":15560,"comment_status":"closed","ping_status":"open","sticky":false,"template":"","format":"standard","meta":{"footnotes":""},"categories":[1,28,51],"tags":[],"class_list":["post-15556","post","type-post","status-publish","format-standard","has-post-thumbnail","hentry","category-acontecer","category-actual","category-chiloe"],"rttpg_featured_image_url":{"full":["https:\/\/elconquistadorredloslagos.cl\/test\/wp-content\/uploads\/2025\/11\/IMG-2.jpg",1920,1080,false],"landscape":["https:\/\/elconquistadorredloslagos.cl\/test\/wp-content\/uploads\/2025\/11\/IMG-2.jpg",1920,1080,false],"portraits":["https:\/\/elconquistadorredloslagos.cl\/test\/wp-content\/uploads\/2025\/11\/IMG-2.jpg",1920,1080,false],"thumbnail":["https:\/\/elconquistadorredloslagos.cl\/test\/wp-content\/uploads\/2025\/11\/IMG-2-150x150.jpg",150,150,true],"medium":["https:\/\/elconquistadorredloslagos.cl\/test\/wp-content\/uploads\/2025\/11\/IMG-2-300x169.jpg",300,169,true],"large":["https:\/\/elconquistadorredloslagos.cl\/test\/wp-content\/uploads\/2025\/11\/IMG-2-1024x576.jpg",1024,576,true],"1536x1536":["https:\/\/elconquistadorredloslagos.cl\/test\/wp-content\/uploads\/2025\/11\/IMG-2-1536x864.jpg",1536,864,true],"2048x2048":["https:\/\/elconquistadorredloslagos.cl\/test\/wp-content\/uploads\/2025\/11\/IMG-2.jpg",1920,1080,false]},"rttpg_author":{"display_name":"ccardenas","author_link":"https:\/\/elconquistadorredloslagos.cl\/test\/blog\/author\/ccardenas\/"},"rttpg_comment":0,"rttpg_category":"<a href=\"https:\/\/elconquistadorredloslagos.cl\/test\/blog\/category\/actual\/acontecer\/\" rel=\"category tag\">Acontecer<\/a> <a href=\"https:\/\/elconquistadorredloslagos.cl\/test\/blog\/category\/actual\/\" rel=\"category tag\">Actualidad<\/a> <a href=\"https:\/\/elconquistadorredloslagos.cl\/test\/blog\/category\/chile\/chiloe\/\" rel=\"category tag\">Chilo\u00e9<\/a>","rttpg_excerpt":"Preocupaci\u00f3n existe entre los alcaldes de la provincia de Chilo\u00e9 tras la paralizaci\u00f3n de obras de la empresa Inversiones Tranqui SpA, responsable de la mantenci\u00f3n de caminos en comunas como..","_links":{"self":[{"href":"https:\/\/elconquistadorredloslagos.cl\/test\/wp-json\/wp\/v2\/posts\/15556","targetHints":{"allow":["GET"]}}],"collection":[{"href":"https:\/\/elconquistadorredloslagos.cl\/test\/wp-json\/wp\/v2\/posts"}],"about":[{"href":"https:\/\/elconquistadorredloslagos.cl\/test\/wp-json\/wp\/v2\/types\/post"}],"author":[{"embeddable":true,"href":"https:\/\/elconquistadorredloslagos.cl\/test\/wp-json\/wp\/v2\/users\/2"}],"replies":[{"embeddable":true,"href":"https:\/\/elconquistadorredloslagos.cl\/test\/wp-json\/wp\/v2\/comments?post=15556"}],"version-history":[{"count":1,"href":"https:\/\/elconquistadorredloslagos.cl\/test\/wp-json\/wp\/v2\/posts\/15556\/revisions"}],"predecessor-version":[{"id":15561,"href":"https:\/\/elconquistadorredloslagos.cl\/test\/wp-json\/wp\/v2\/posts\/15556\/revisions\/15561"}],"wp:featuredmedia":[{"embeddable":true,"href":"https:\/\/elconquistadorredloslagos.cl\/test\/wp-json\/wp\/v2\/media\/15560"}],"wp:attachment":[{"href":"https:\/\/elconquistadorredloslagos.cl\/test\/wp-json\/wp\/v2\/media?parent=15556"}],"wp:term":[{"taxonomy":"category","embeddable":true,"href":"https:\/\/elconquistadorredloslagos.cl\/test\/wp-json\/wp\/v2\/categories?post=15556"},{"taxonomy":"post_tag","embeddable":true,"href":"https:\/\/elconquistadorredloslagos.cl\/test\/wp-json\/wp\/v2\/tags?post=15556"}],"curies":[{"name":"wp","href":"https:\/\/api.w.org\/{rel}","templated":true}]}}