{"id":15553,"date":"2025-11-03T12:10:12","date_gmt":"2025-11-03T15:10:12","guid":{"rendered":"https:\/\/elconquistadorredloslagos.cl\/test\/?p=15553"},"modified":"2025-11-03T12:10:13","modified_gmt":"2025-11-03T15:10:13","slug":"desde-hoy-en-chile-no-existen-presos-de-primera-y-segunda-categoria-boric-anuncia-el-cierre-del-penal-especial-de-punta-peuco","status":"publish","type":"post","link":"https:\/\/elconquistadorredloslagos.cl\/test\/blog\/2025\/11\/03\/desde-hoy-en-chile-no-existen-presos-de-primera-y-segunda-categoria-boric-anuncia-el-cierre-del-penal-especial-de-punta-peuco\/","title":{"rendered":"\u00abDesde hoy en Chile no existen presos de primera y segunda categor\u00eda\u00bb: Boric anuncia el cierre del penal especial de Punta Peuco"},"content":{"rendered":"\n<p>El presidente <strong>Gabriel Boric<\/strong> anunci\u00f3 este lunes que <strong>Punta Peuco dejar\u00e1 de ser un penal especial<\/strong> y pasar\u00e1 a convertirse en un <strong>penal com\u00fan<\/strong>, en cumplimiento de un compromiso asumido en su \u00faltima Cuenta P\u00fablica.<\/p>\n\n\n\n<p>Durante un punto de prensa en el Palacio de La Moneda, el mandatario inform\u00f3 que la <strong>Contralor\u00eda General de la Rep\u00fablica<\/strong> \u201ctom\u00f3 raz\u00f3n del decreto por el cual Punta Peuco deja de ser un penal especial y pasa a ser penal com\u00fan, a disposici\u00f3n de las necesidades del pa\u00eds, en particular en el contexto del desaf\u00edo que enfrentamos en materia de seguridad\u201d.<\/p>\n\n\n\n<p>El jefe de Estado subray\u00f3 que la medida \u201cpone fin a los privilegios\u201d que durante d\u00e9cadas beneficiaron a condenados por violaciones a los derechos humanos cometidas durante la dictadura militar.<\/p>\n\n\n\n<blockquote class=\"wp-block-quote is-layout-flow wp-block-quote-is-layout-flow\">\n<p>\u201cSe acaba Punta Peuco como un penal especial para victimarios de la dictadura civil y militar que asol\u00f3 Chile durante 17 a\u00f1os\u201d, declar\u00f3 el Presidente.<\/p>\n<\/blockquote>\n\n\n\n<p>El recinto pasar\u00e1 a denominarse <strong>Centro Penitenciario de Tiltil<\/strong>, y actualmente se encuentra en proceso de renovaci\u00f3n de infraestructura. Seg\u00fan detall\u00f3 el mandatario, <strong>los nuevos internos llegar\u00e1n al penal a partir de 2026<\/strong>.<\/p>\n\n\n\n<p>Boric recalc\u00f3 que esta decisi\u00f3n busca \u201coptimizar recursos\u201d y representa \u201cun acto de justicia y equidad\u201d.<\/p>\n\n\n\n<blockquote class=\"wp-block-quote is-layout-flow wp-block-quote-is-layout-flow\">\n<p>\u201cDesde hoy en Chile no existen presos de primera y segunda categor\u00eda, y las plazas ser\u00e1n distribuidas seg\u00fan criterios de necesidad y no de privilegios\u201d, afirm\u00f3.<\/p>\n<\/blockquote>\n\n\n\n<p>Finalmente, el Presidente destac\u00f3 que el cierre de Punta Peuco \u201ces un paso m\u00e1s hacia un Chile m\u00e1s democr\u00e1tico y respetuoso, que avanza en la reparaci\u00f3n y la igualdad ante la ley\u201d.<\/p>\n","protected":false},"excerpt":{"rendered":"<p>El presidente Gabriel Boric anunci\u00f3 este lunes que Punta Peuco dejar\u00e1 de ser un penal especial y pasar\u00e1 a convertirse en un penal com\u00fan, en cumplimiento de un compromiso asumido..<\/p>\n","protected":false},"author":7,"featured_media":15554,"comment_status":"closed","ping_status":"open","sticky":false,"template":"","format":"standard","meta":{"footnotes":""},"categories":[1,28],"tags":[],"class_list":["post-15553","post","type-post","status-publish","format-standard","has-post-thumbnail","hentry","category-acontecer","category-actual"],"rttpg_featured_image_url":{"full":["https:\/\/elconquistadorredloslagos.cl\/test\/wp-content\/uploads\/2025\/11\/boric-punta-peuco.png",1920,1080,false],"landscape":["https:\/\/elconquistadorredloslagos.cl\/test\/wp-content\/uploads\/2025\/11\/boric-punta-peuco.png",1920,1080,false],"portraits":["https:\/\/elconquistadorredloslagos.cl\/test\/wp-content\/uploads\/2025\/11\/boric-punta-peuco.png",1920,1080,false],"thumbnail":["https:\/\/elconquistadorredloslagos.cl\/test\/wp-content\/uploads\/2025\/11\/boric-punta-peuco-150x150.png",150,150,true],"medium":["https:\/\/elconquistadorredloslagos.cl\/test\/wp-content\/uploads\/2025\/11\/boric-punta-peuco-300x169.png",300,169,true],"large":["https:\/\/elconquistadorredloslagos.cl\/test\/wp-content\/uploads\/2025\/11\/boric-punta-peuco-1024x576.png",1024,576,true],"1536x1536":["https:\/\/elconquistadorredloslagos.cl\/test\/wp-content\/uploads\/2025\/11\/boric-punta-peuco-1536x864.png",1536,864,true],"2048x2048":["https:\/\/elconquistadorredloslagos.cl\/test\/wp-content\/uploads\/2025\/11\/boric-punta-peuco.png",1920,1080,false]},"rttpg_author":{"display_name":"enzodelahoz1988","author_link":"https:\/\/elconquistadorredloslagos.cl\/test\/blog\/author\/enzodelahoz1988\/"},"rttpg_comment":0,"rttpg_category":"<a href=\"https:\/\/elconquistadorredloslagos.cl\/test\/blog\/category\/actual\/acontecer\/\" rel=\"category tag\">Acontecer<\/a> <a href=\"https:\/\/elconquistadorredloslagos.cl\/test\/blog\/category\/actual\/\" rel=\"category tag\">Actualidad<\/a>","rttpg_excerpt":"El presidente Gabriel Boric anunci\u00f3 este lunes que Punta Peuco dejar\u00e1 de ser un penal especial y pasar\u00e1 a convertirse en un penal com\u00fan, en cumplimiento de un compromiso asumido..","_links":{"self":[{"href":"https:\/\/elconquistadorredloslagos.cl\/test\/wp-json\/wp\/v2\/posts\/15553","targetHints":{"allow":["GET"]}}],"collection":[{"href":"https:\/\/elconquistadorredloslagos.cl\/test\/wp-json\/wp\/v2\/posts"}],"about":[{"href":"https:\/\/elconquistadorredloslagos.cl\/test\/wp-json\/wp\/v2\/types\/post"}],"author":[{"embeddable":true,"href":"https:\/\/elconquistadorredloslagos.cl\/test\/wp-json\/wp\/v2\/users\/7"}],"replies":[{"embeddable":true,"href":"https:\/\/elconquistadorredloslagos.cl\/test\/wp-json\/wp\/v2\/comments?post=15553"}],"version-history":[{"count":1,"href":"https:\/\/elconquistadorredloslagos.cl\/test\/wp-json\/wp\/v2\/posts\/15553\/revisions"}],"predecessor-version":[{"id":15555,"href":"https:\/\/elconquistadorredloslagos.cl\/test\/wp-json\/wp\/v2\/posts\/15553\/revisions\/15555"}],"wp:featuredmedia":[{"embeddable":true,"href":"https:\/\/elconquistadorredloslagos.cl\/test\/wp-json\/wp\/v2\/media\/15554"}],"wp:attachment":[{"href":"https:\/\/elconquistadorredloslagos.cl\/test\/wp-json\/wp\/v2\/media?parent=15553"}],"wp:term":[{"taxonomy":"category","embeddable":true,"href":"https:\/\/elconquistadorredloslagos.cl\/test\/wp-json\/wp\/v2\/categories?post=15553"},{"taxonomy":"post_tag","embeddable":true,"href":"https:\/\/elconquistadorredloslagos.cl\/test\/wp-json\/wp\/v2\/tags?post=15553"}],"curies":[{"name":"wp","href":"https:\/\/api.w.org\/{rel}","templated":true}]}}