{"id":15550,"date":"2025-11-03T11:34:33","date_gmt":"2025-11-03T14:34:33","guid":{"rendered":"https:\/\/elconquistadorredloslagos.cl\/test\/?p=15550"},"modified":"2025-11-03T11:34:34","modified_gmt":"2025-11-03T14:34:34","slug":"a-pasos-agigantados-avanza-el-proyecto-del-monolito-en-homenaje-a-la-batalla-de-mocopulli","status":"publish","type":"post","link":"https:\/\/elconquistadorredloslagos.cl\/test\/blog\/2025\/11\/03\/a-pasos-agigantados-avanza-el-proyecto-del-monolito-en-homenaje-a-la-batalla-de-mocopulli\/","title":{"rendered":"A pasos agigantados avanza el proyecto del monolito en homenaje a la Batalla de Mocopulli"},"content":{"rendered":"\n<p>A buen ritmo y con m\u00e1s del 30 por ciento de avance se encuentran los trabajos de construcci\u00f3n del monolito conmemorativo de la hist\u00f3rica Batalla de Mocopulli, obra que se ejecuta con recursos cien por ciento municipales y que se proyecta est\u00e9 finalizada antes de que concluya el presente a\u00f1o.<\/p>\n\n\n\n<p>La alcaldesa Alejandra Villegas visit\u00f3 recientemente el sitio donde se desarrollan las labores, constatando en terreno el progreso de una iniciativa que busca transformar este espacio en un punto de encuentro con la memoria y la identidad chilota.<\/p>\n\n\n\n<p>\u201cEste es un lugar destinado a preservar nuestra historia, un s\u00edmbolo de resistencia, uni\u00f3n y sentido de pertenencia. Queremos que este monolito sea un testimonio permanente de nuestra identidad, para que las nuevas generaciones nunca olviden lo que aqu\u00ed ocurri\u00f3\u201d, expres\u00f3 la jefa comunal durante su recorrido por las faenas.<\/p>\n\n\n\n<p>El proyecto contempla la construcci\u00f3n de una estructura s\u00f3lida y de alto valor simb\u00f3lico, emplazada en el mismo sitio donde, el 1 de abril de 1824, se libr\u00f3 uno de los \u00faltimos combates por la incorporaci\u00f3n de Chilo\u00e9 a la Rep\u00fablica de Chile. Su dise\u00f1o busca reivindicar el valor hist\u00f3rico del territorio y fortalecer el patrimonio cultural de Dalcahue, integrando elementos que reflejan la identidad del archipi\u00e9lago y la memoria de sus habitantes.<\/p>\n\n\n\n<p>Con esta iniciativa, la administraci\u00f3n municipal avanza con decisi\u00f3n en su compromiso de preservar la historia local y proyectarla hacia el futuro, sumando un nuevo hito al trabajo de recuperaci\u00f3n patrimonial impulsado por la alcaldesa Villegas.<\/p>\n","protected":false},"excerpt":{"rendered":"<p>A buen ritmo y con m\u00e1s del 30 por ciento de avance se encuentran los trabajos de construcci\u00f3n del monolito conmemorativo de la hist\u00f3rica Batalla de Mocopulli, obra que se..<\/p>\n","protected":false},"author":2,"featured_media":15551,"comment_status":"closed","ping_status":"open","sticky":false,"template":"","format":"standard","meta":{"footnotes":""},"categories":[1,28,51],"tags":[],"class_list":["post-15550","post","type-post","status-publish","format-standard","has-post-thumbnail","hentry","category-acontecer","category-actual","category-chiloe"],"rttpg_featured_image_url":{"full":["https:\/\/elconquistadorredloslagos.cl\/test\/wp-content\/uploads\/2025\/11\/img-1.jpg",1920,1080,false],"landscape":["https:\/\/elconquistadorredloslagos.cl\/test\/wp-content\/uploads\/2025\/11\/img-1.jpg",1920,1080,false],"portraits":["https:\/\/elconquistadorredloslagos.cl\/test\/wp-content\/uploads\/2025\/11\/img-1.jpg",1920,1080,false],"thumbnail":["https:\/\/elconquistadorredloslagos.cl\/test\/wp-content\/uploads\/2025\/11\/img-1-150x150.jpg",150,150,true],"medium":["https:\/\/elconquistadorredloslagos.cl\/test\/wp-content\/uploads\/2025\/11\/img-1-300x169.jpg",300,169,true],"large":["https:\/\/elconquistadorredloslagos.cl\/test\/wp-content\/uploads\/2025\/11\/img-1-1024x576.jpg",1024,576,true],"1536x1536":["https:\/\/elconquistadorredloslagos.cl\/test\/wp-content\/uploads\/2025\/11\/img-1-1536x864.jpg",1536,864,true],"2048x2048":["https:\/\/elconquistadorredloslagos.cl\/test\/wp-content\/uploads\/2025\/11\/img-1.jpg",1920,1080,false]},"rttpg_author":{"display_name":"ccardenas","author_link":"https:\/\/elconquistadorredloslagos.cl\/test\/blog\/author\/ccardenas\/"},"rttpg_comment":0,"rttpg_category":"<a href=\"https:\/\/elconquistadorredloslagos.cl\/test\/blog\/category\/actual\/acontecer\/\" rel=\"category tag\">Acontecer<\/a> <a href=\"https:\/\/elconquistadorredloslagos.cl\/test\/blog\/category\/actual\/\" rel=\"category tag\">Actualidad<\/a> <a href=\"https:\/\/elconquistadorredloslagos.cl\/test\/blog\/category\/chile\/chiloe\/\" rel=\"category tag\">Chilo\u00e9<\/a>","rttpg_excerpt":"A buen ritmo y con m\u00e1s del 30 por ciento de avance se encuentran los trabajos de construcci\u00f3n del monolito conmemorativo de la hist\u00f3rica Batalla de Mocopulli, obra que se..","_links":{"self":[{"href":"https:\/\/elconquistadorredloslagos.cl\/test\/wp-json\/wp\/v2\/posts\/15550","targetHints":{"allow":["GET"]}}],"collection":[{"href":"https:\/\/elconquistadorredloslagos.cl\/test\/wp-json\/wp\/v2\/posts"}],"about":[{"href":"https:\/\/elconquistadorredloslagos.cl\/test\/wp-json\/wp\/v2\/types\/post"}],"author":[{"embeddable":true,"href":"https:\/\/elconquistadorredloslagos.cl\/test\/wp-json\/wp\/v2\/users\/2"}],"replies":[{"embeddable":true,"href":"https:\/\/elconquistadorredloslagos.cl\/test\/wp-json\/wp\/v2\/comments?post=15550"}],"version-history":[{"count":1,"href":"https:\/\/elconquistadorredloslagos.cl\/test\/wp-json\/wp\/v2\/posts\/15550\/revisions"}],"predecessor-version":[{"id":15552,"href":"https:\/\/elconquistadorredloslagos.cl\/test\/wp-json\/wp\/v2\/posts\/15550\/revisions\/15552"}],"wp:featuredmedia":[{"embeddable":true,"href":"https:\/\/elconquistadorredloslagos.cl\/test\/wp-json\/wp\/v2\/media\/15551"}],"wp:attachment":[{"href":"https:\/\/elconquistadorredloslagos.cl\/test\/wp-json\/wp\/v2\/media?parent=15550"}],"wp:term":[{"taxonomy":"category","embeddable":true,"href":"https:\/\/elconquistadorredloslagos.cl\/test\/wp-json\/wp\/v2\/categories?post=15550"},{"taxonomy":"post_tag","embeddable":true,"href":"https:\/\/elconquistadorredloslagos.cl\/test\/wp-json\/wp\/v2\/tags?post=15550"}],"curies":[{"name":"wp","href":"https:\/\/api.w.org\/{rel}","templated":true}]}}