{"id":15547,"date":"2025-11-03T10:45:49","date_gmt":"2025-11-03T13:45:49","guid":{"rendered":"https:\/\/elconquistadorredloslagos.cl\/test\/?p=15547"},"modified":"2025-11-03T10:45:50","modified_gmt":"2025-11-03T13:45:50","slug":"pareja-es-encontrada-sin-vida-en-vivienda-de-puerto-montt-con-signos-de-violencia","status":"publish","type":"post","link":"https:\/\/elconquistadorredloslagos.cl\/test\/blog\/2025\/11\/03\/pareja-es-encontrada-sin-vida-en-vivienda-de-puerto-montt-con-signos-de-violencia\/","title":{"rendered":"Pareja es encontrada sin vida en vivienda de Puerto Montt con signos de violencia"},"content":{"rendered":"\n<p>Una investigaci\u00f3n policial se desarrolla en Puerto Montt tras el hallazgo de dos personas muertas al interior de una vivienda del sector La Vara, en la regi\u00f3n de Los Lagos. Se trata de un hombre y una mujer que, seg\u00fan los primeros antecedentes, presentaban heridas de bala y lesiones cortopunzantes.<\/p>\n\n\n\n<p>El descubrimiento ocurri\u00f3 durante la jornada del domingo en una casa ubicada en el pasaje Los Colonos, donde vecinos alertaron la presencia de los cuerpos. Personal del SAMU lleg\u00f3 al lugar y confirm\u00f3 el fallecimiento de ambas v\u00edctimas.<\/p>\n\n\n\n<p>Posteriormente, funcionarios del Laboratorio de Criminal\u00edstica de Carabineros (LABOCAR) realizaron las primeras pericias en el sitio del suceso, con el fin de determinar las circunstancias en que se produjo el hecho.<\/p>\n\n\n\n<p>Los cuerpos fueron trasladados al Servicio M\u00e9dico Legal para realizar las autopsias que permitan establecer las causas exactas de la muerte. La investigaci\u00f3n contin\u00faa bajo reserva mientras se recopilan antecedentes que permitan esclarecer lo ocurrido en esta vivienda de la capital regional.<\/p>\n\n\n\n<p>\ud83d\udcf7 Referencial<\/p>\n","protected":false},"excerpt":{"rendered":"<p>Una investigaci\u00f3n policial se desarrolla en Puerto Montt tras el hallazgo de dos personas muertas al interior de una vivienda del sector La Vara, en la regi\u00f3n de Los Lagos&#8230;<\/p>\n","protected":false},"author":2,"featured_media":15548,"comment_status":"closed","ping_status":"open","sticky":false,"template":"","format":"standard","meta":{"footnotes":""},"categories":[1,28,56],"tags":[],"class_list":["post-15547","post","type-post","status-publish","format-standard","has-post-thumbnail","hentry","category-acontecer","category-actual","category-puerto-montt"],"rttpg_featured_image_url":{"full":["https:\/\/elconquistadorredloslagos.cl\/test\/wp-content\/uploads\/2025\/11\/img.jpg",1920,1080,false],"landscape":["https:\/\/elconquistadorredloslagos.cl\/test\/wp-content\/uploads\/2025\/11\/img.jpg",1920,1080,false],"portraits":["https:\/\/elconquistadorredloslagos.cl\/test\/wp-content\/uploads\/2025\/11\/img.jpg",1920,1080,false],"thumbnail":["https:\/\/elconquistadorredloslagos.cl\/test\/wp-content\/uploads\/2025\/11\/img-150x150.jpg",150,150,true],"medium":["https:\/\/elconquistadorredloslagos.cl\/test\/wp-content\/uploads\/2025\/11\/img-300x169.jpg",300,169,true],"large":["https:\/\/elconquistadorredloslagos.cl\/test\/wp-content\/uploads\/2025\/11\/img-1024x576.jpg",1024,576,true],"1536x1536":["https:\/\/elconquistadorredloslagos.cl\/test\/wp-content\/uploads\/2025\/11\/img-1536x864.jpg",1536,864,true],"2048x2048":["https:\/\/elconquistadorredloslagos.cl\/test\/wp-content\/uploads\/2025\/11\/img.jpg",1920,1080,false]},"rttpg_author":{"display_name":"ccardenas","author_link":"https:\/\/elconquistadorredloslagos.cl\/test\/blog\/author\/ccardenas\/"},"rttpg_comment":0,"rttpg_category":"<a href=\"https:\/\/elconquistadorredloslagos.cl\/test\/blog\/category\/actual\/acontecer\/\" rel=\"category tag\">Acontecer<\/a> <a href=\"https:\/\/elconquistadorredloslagos.cl\/test\/blog\/category\/actual\/\" rel=\"category tag\">Actualidad<\/a> <a href=\"https:\/\/elconquistadorredloslagos.cl\/test\/blog\/category\/chile\/puerto-montt\/\" rel=\"category tag\">Puerto Montt<\/a>","rttpg_excerpt":"Una investigaci\u00f3n policial se desarrolla en Puerto Montt tras el hallazgo de dos personas muertas al interior de una vivienda del sector La Vara, en la regi\u00f3n de Los Lagos...","_links":{"self":[{"href":"https:\/\/elconquistadorredloslagos.cl\/test\/wp-json\/wp\/v2\/posts\/15547","targetHints":{"allow":["GET"]}}],"collection":[{"href":"https:\/\/elconquistadorredloslagos.cl\/test\/wp-json\/wp\/v2\/posts"}],"about":[{"href":"https:\/\/elconquistadorredloslagos.cl\/test\/wp-json\/wp\/v2\/types\/post"}],"author":[{"embeddable":true,"href":"https:\/\/elconquistadorredloslagos.cl\/test\/wp-json\/wp\/v2\/users\/2"}],"replies":[{"embeddable":true,"href":"https:\/\/elconquistadorredloslagos.cl\/test\/wp-json\/wp\/v2\/comments?post=15547"}],"version-history":[{"count":1,"href":"https:\/\/elconquistadorredloslagos.cl\/test\/wp-json\/wp\/v2\/posts\/15547\/revisions"}],"predecessor-version":[{"id":15549,"href":"https:\/\/elconquistadorredloslagos.cl\/test\/wp-json\/wp\/v2\/posts\/15547\/revisions\/15549"}],"wp:featuredmedia":[{"embeddable":true,"href":"https:\/\/elconquistadorredloslagos.cl\/test\/wp-json\/wp\/v2\/media\/15548"}],"wp:attachment":[{"href":"https:\/\/elconquistadorredloslagos.cl\/test\/wp-json\/wp\/v2\/media?parent=15547"}],"wp:term":[{"taxonomy":"category","embeddable":true,"href":"https:\/\/elconquistadorredloslagos.cl\/test\/wp-json\/wp\/v2\/categories?post=15547"},{"taxonomy":"post_tag","embeddable":true,"href":"https:\/\/elconquistadorredloslagos.cl\/test\/wp-json\/wp\/v2\/tags?post=15547"}],"curies":[{"name":"wp","href":"https:\/\/api.w.org\/{rel}","templated":true}]}}