{"id":15541,"date":"2025-10-30T15:02:36","date_gmt":"2025-10-30T18:02:36","guid":{"rendered":"https:\/\/elconquistadorredloslagos.cl\/test\/?p=15541"},"modified":"2025-10-30T15:02:36","modified_gmt":"2025-10-30T18:02:36","slug":"investigan-violento-ataque-con-arma-blanca-que-dejo-a-joven-gravemente-herido-en-local-comercial-de-chonchi","status":"publish","type":"post","link":"https:\/\/elconquistadorredloslagos.cl\/test\/blog\/2025\/10\/30\/investigan-violento-ataque-con-arma-blanca-que-dejo-a-joven-gravemente-herido-en-local-comercial-de-chonchi\/","title":{"rendered":"Investigan violento ataque con arma blanca que dej\u00f3 a joven gravemente herido en local comercial de Chonchi"},"content":{"rendered":"\n<p>Un violento hecho se registr\u00f3 en la comuna de Chonchi, en Chilo\u00e9, donde un joven result\u00f3 gravemente herido tras ser apu\u00f1alado con un cuchillo tipo carnicero al interior de un negocio. La agresi\u00f3n, que fue captada por c\u00e1maras de seguridad, habr\u00eda ocurrido luego de una ri\u00f1a entre varias personas.<\/p>\n\n\n\n<p>De acuerdo con los registros, la pelea se inici\u00f3 entre dos hombres dentro del local, a los que se sum\u00f3 un tercero. Minutos m\u00e1s tarde, otro sujeto ingres\u00f3 armado con un cuchillo y atac\u00f3 directamente a la v\u00edctima, quien ya se encontraba herida y ensangrentada. Incluso, el agresor volvi\u00f3 a entrar al establecimiento para continuar con la golpiza, ante la mirada at\u00f3nita de quienes estaban en el lugar.<\/p>\n\n\n\n<p>El joven fue trasladado de urgencia al Hospital de Castro, donde recibi\u00f3 atenci\u00f3n especializada. Seg\u00fan detall\u00f3 el jefe del SAMU Chilo\u00e9, Sebasti\u00e1n Schmolz, el paciente presentaba una profunda herida cortante en el antebrazo con compromiso vascular y da\u00f1o arterial, que provoc\u00f3 una hemorragia de alto riesgo.<\/p>\n\n\n\n<figure class=\"wp-block-audio\"><audio controls src=\"https:\/\/elconquistadorredloslagos.cl\/test\/wp-content\/uploads\/2025\/10\/CUNA-SEBASTIAN-SCHMOLZ.mp3\"><\/audio><\/figure>\n\n\n\n<p>Carabineros de la Tenencia de Chonchi y el Ministerio P\u00fablico llevan adelante las diligencias para esclarecer lo ocurrido, utilizando las grabaciones como principal evidencia. Hasta ahora, el agresor y un acompa\u00f1ante huyeron del lugar y se desconoce si han sido detenidos.<\/p>\n","protected":false},"excerpt":{"rendered":"<p>Un violento hecho se registr\u00f3 en la comuna de Chonchi, en Chilo\u00e9, donde un joven result\u00f3 gravemente herido tras ser apu\u00f1alado con un cuchillo tipo carnicero al interior de un..<\/p>\n","protected":false},"author":2,"featured_media":15544,"comment_status":"closed","ping_status":"open","sticky":false,"template":"","format":"standard","meta":{"footnotes":""},"categories":[1,28,51],"tags":[],"class_list":["post-15541","post","type-post","status-publish","format-standard","has-post-thumbnail","hentry","category-acontecer","category-actual","category-chiloe"],"rttpg_featured_image_url":{"full":["https:\/\/elconquistadorredloslagos.cl\/test\/wp-content\/uploads\/2025\/10\/img-127.jpg",1920,1080,false],"landscape":["https:\/\/elconquistadorredloslagos.cl\/test\/wp-content\/uploads\/2025\/10\/img-127.jpg",1920,1080,false],"portraits":["https:\/\/elconquistadorredloslagos.cl\/test\/wp-content\/uploads\/2025\/10\/img-127.jpg",1920,1080,false],"thumbnail":["https:\/\/elconquistadorredloslagos.cl\/test\/wp-content\/uploads\/2025\/10\/img-127-150x150.jpg",150,150,true],"medium":["https:\/\/elconquistadorredloslagos.cl\/test\/wp-content\/uploads\/2025\/10\/img-127-300x169.jpg",300,169,true],"large":["https:\/\/elconquistadorredloslagos.cl\/test\/wp-content\/uploads\/2025\/10\/img-127-1024x576.jpg",1024,576,true],"1536x1536":["https:\/\/elconquistadorredloslagos.cl\/test\/wp-content\/uploads\/2025\/10\/img-127-1536x864.jpg",1536,864,true],"2048x2048":["https:\/\/elconquistadorredloslagos.cl\/test\/wp-content\/uploads\/2025\/10\/img-127.jpg",1920,1080,false]},"rttpg_author":{"display_name":"ccardenas","author_link":"https:\/\/elconquistadorredloslagos.cl\/test\/blog\/author\/ccardenas\/"},"rttpg_comment":0,"rttpg_category":"<a href=\"https:\/\/elconquistadorredloslagos.cl\/test\/blog\/category\/actual\/acontecer\/\" rel=\"category tag\">Acontecer<\/a> <a href=\"https:\/\/elconquistadorredloslagos.cl\/test\/blog\/category\/actual\/\" rel=\"category tag\">Actualidad<\/a> <a href=\"https:\/\/elconquistadorredloslagos.cl\/test\/blog\/category\/chile\/chiloe\/\" rel=\"category tag\">Chilo\u00e9<\/a>","rttpg_excerpt":"Un violento hecho se registr\u00f3 en la comuna de Chonchi, en Chilo\u00e9, donde un joven result\u00f3 gravemente herido tras ser apu\u00f1alado con un cuchillo tipo carnicero al interior de un..","_links":{"self":[{"href":"https:\/\/elconquistadorredloslagos.cl\/test\/wp-json\/wp\/v2\/posts\/15541","targetHints":{"allow":["GET"]}}],"collection":[{"href":"https:\/\/elconquistadorredloslagos.cl\/test\/wp-json\/wp\/v2\/posts"}],"about":[{"href":"https:\/\/elconquistadorredloslagos.cl\/test\/wp-json\/wp\/v2\/types\/post"}],"author":[{"embeddable":true,"href":"https:\/\/elconquistadorredloslagos.cl\/test\/wp-json\/wp\/v2\/users\/2"}],"replies":[{"embeddable":true,"href":"https:\/\/elconquistadorredloslagos.cl\/test\/wp-json\/wp\/v2\/comments?post=15541"}],"version-history":[{"count":1,"href":"https:\/\/elconquistadorredloslagos.cl\/test\/wp-json\/wp\/v2\/posts\/15541\/revisions"}],"predecessor-version":[{"id":15545,"href":"https:\/\/elconquistadorredloslagos.cl\/test\/wp-json\/wp\/v2\/posts\/15541\/revisions\/15545"}],"wp:featuredmedia":[{"embeddable":true,"href":"https:\/\/elconquistadorredloslagos.cl\/test\/wp-json\/wp\/v2\/media\/15544"}],"wp:attachment":[{"href":"https:\/\/elconquistadorredloslagos.cl\/test\/wp-json\/wp\/v2\/media?parent=15541"}],"wp:term":[{"taxonomy":"category","embeddable":true,"href":"https:\/\/elconquistadorredloslagos.cl\/test\/wp-json\/wp\/v2\/categories?post=15541"},{"taxonomy":"post_tag","embeddable":true,"href":"https:\/\/elconquistadorredloslagos.cl\/test\/wp-json\/wp\/v2\/tags?post=15541"}],"curies":[{"name":"wp","href":"https:\/\/api.w.org\/{rel}","templated":true}]}}