{"id":15539,"date":"2025-10-30T14:59:46","date_gmt":"2025-10-30T17:59:46","guid":{"rendered":"https:\/\/elconquistadorredloslagos.cl\/test\/?p=15539"},"modified":"2025-10-30T14:59:47","modified_gmt":"2025-10-30T17:59:47","slug":"bomberos-de-puerto-montt-se-capacitan-en-colombia-bajo-estandares-internacionales","status":"publish","type":"post","link":"https:\/\/elconquistadorredloslagos.cl\/test\/blog\/2025\/10\/30\/bomberos-de-puerto-montt-se-capacitan-en-colombia-bajo-estandares-internacionales\/","title":{"rendered":"Bomberos de Puerto Montt se capacitan en Colombia bajo est\u00e1ndares internacionales"},"content":{"rendered":"\n<p>Un equipo compuesto por <strong>21 voluntarios del Cuerpo de Bomberos de Puerto Montt<\/strong>, pertenecientes a todas las compa\u00f1\u00edas y brigadas de la instituci\u00f3n, se encuentra participando en una <strong>capacitaci\u00f3n internacional en la Academia Nacional de Bomberos de Colombia<\/strong>, ubicada en la ciudad de Cali.<\/p>\n\n\n\n<p>La delegaci\u00f3n, encabezada por el <strong>comandante Roberto Angulo<\/strong>, desarrolla durante una semana un programa de formaci\u00f3n t\u00e9cnica te\u00f3rico-pr\u00e1ctica en <strong>control de emergencias, uso de equipos, rescate, supervivencia y manejo de materiales peligrosos<\/strong>, con el objetivo de fortalecer las capacidades operativas bajo <strong>est\u00e1ndares internacionales de la National Fire Protection Association (NFPA)<\/strong>.<\/p>\n\n\n\n<p>El curso incluye certificaciones basadas en la norma <strong>NFPA 1001<\/strong>, que regula la calificaci\u00f3n profesional de bomberos a nivel mundial. Las sesiones son dictadas por instructores colombianos y contemplan <strong>entrenamientos en escenarios de alta complejidad<\/strong>, como estructuras colapsadas, incendios industriales y forestales, manejo de l\u00edquidos combustibles y t\u00e9cnicas de intervenci\u00f3n r\u00e1pida con espuma.<\/p>\n\n\n\n<blockquote class=\"wp-block-quote is-layout-flow wp-block-quote-is-layout-flow\">\n<p>\u201cApuntamos a fortalecer nuestras capacidades operativas con est\u00e1ndares internacionales. Esta experiencia nos permite incorporar nuevas t\u00e9cnicas y conocimientos que ser\u00e1n fundamentales para enfrentar emergencias en Puerto Montt\u201d, se\u00f1al\u00f3 desde Cali el comandante Roberto Angulo.<\/p>\n<\/blockquote>\n\n\n\n<p>El oficial destac\u00f3 adem\u00e1s el compromiso y profesionalismo de los voluntarios que representan al cuerpo en esta instancia formativa.<\/p>\n\n\n\n<blockquote class=\"wp-block-quote is-layout-flow wp-block-quote-is-layout-flow\">\n<p>\u201cEstamos orgullosos de representar a Puerto Montt en esta instancia internacional. Cada voluntario aqu\u00ed est\u00e1 comprometido con la excelencia y con llevar lo aprendido de vuelta a sus compa\u00f1\u00edas para compartirlo con todo el equipo\u201d, a\u00f1adi\u00f3.<\/p>\n<\/blockquote>\n\n\n\n<p>Con su regreso a Chile, los 21 participantes traer\u00e1n consigo <strong>nuevas herramientas y metodolog\u00edas<\/strong> que permitir\u00e1n <strong>mejorar la respuesta y prevenci\u00f3n de emergencias<\/strong> en la regi\u00f3n, consolidando al <strong>Cuerpo de Bomberos de Puerto Montt<\/strong> como un referente en <strong>formaci\u00f3n, capacitaci\u00f3n y profesionalismo<\/strong> a nivel nacional.<\/p>\n","protected":false},"excerpt":{"rendered":"<p>Un equipo compuesto por 21 voluntarios del Cuerpo de Bomberos de Puerto Montt, pertenecientes a todas las compa\u00f1\u00edas y brigadas de la instituci\u00f3n, se encuentra participando en una capacitaci\u00f3n internacional..<\/p>\n","protected":false},"author":7,"featured_media":15540,"comment_status":"closed","ping_status":"open","sticky":false,"template":"","format":"standard","meta":{"footnotes":""},"categories":[1,28],"tags":[],"class_list":["post-15539","post","type-post","status-publish","format-standard","has-post-thumbnail","hentry","category-acontecer","category-actual"],"rttpg_featured_image_url":{"full":["https:\/\/elconquistadorredloslagos.cl\/test\/wp-content\/uploads\/2025\/10\/bomberos-puerto-montt.png",1920,1080,false],"landscape":["https:\/\/elconquistadorredloslagos.cl\/test\/wp-content\/uploads\/2025\/10\/bomberos-puerto-montt.png",1920,1080,false],"portraits":["https:\/\/elconquistadorredloslagos.cl\/test\/wp-content\/uploads\/2025\/10\/bomberos-puerto-montt.png",1920,1080,false],"thumbnail":["https:\/\/elconquistadorredloslagos.cl\/test\/wp-content\/uploads\/2025\/10\/bomberos-puerto-montt-150x150.png",150,150,true],"medium":["https:\/\/elconquistadorredloslagos.cl\/test\/wp-content\/uploads\/2025\/10\/bomberos-puerto-montt-300x169.png",300,169,true],"large":["https:\/\/elconquistadorredloslagos.cl\/test\/wp-content\/uploads\/2025\/10\/bomberos-puerto-montt-1024x576.png",1024,576,true],"1536x1536":["https:\/\/elconquistadorredloslagos.cl\/test\/wp-content\/uploads\/2025\/10\/bomberos-puerto-montt-1536x864.png",1536,864,true],"2048x2048":["https:\/\/elconquistadorredloslagos.cl\/test\/wp-content\/uploads\/2025\/10\/bomberos-puerto-montt.png",1920,1080,false]},"rttpg_author":{"display_name":"enzodelahoz1988","author_link":"https:\/\/elconquistadorredloslagos.cl\/test\/blog\/author\/enzodelahoz1988\/"},"rttpg_comment":0,"rttpg_category":"<a href=\"https:\/\/elconquistadorredloslagos.cl\/test\/blog\/category\/actual\/acontecer\/\" rel=\"category tag\">Acontecer<\/a> <a href=\"https:\/\/elconquistadorredloslagos.cl\/test\/blog\/category\/actual\/\" rel=\"category tag\">Actualidad<\/a>","rttpg_excerpt":"Un equipo compuesto por 21 voluntarios del Cuerpo de Bomberos de Puerto Montt, pertenecientes a todas las compa\u00f1\u00edas y brigadas de la instituci\u00f3n, se encuentra participando en una capacitaci\u00f3n internacional..","_links":{"self":[{"href":"https:\/\/elconquistadorredloslagos.cl\/test\/wp-json\/wp\/v2\/posts\/15539","targetHints":{"allow":["GET"]}}],"collection":[{"href":"https:\/\/elconquistadorredloslagos.cl\/test\/wp-json\/wp\/v2\/posts"}],"about":[{"href":"https:\/\/elconquistadorredloslagos.cl\/test\/wp-json\/wp\/v2\/types\/post"}],"author":[{"embeddable":true,"href":"https:\/\/elconquistadorredloslagos.cl\/test\/wp-json\/wp\/v2\/users\/7"}],"replies":[{"embeddable":true,"href":"https:\/\/elconquistadorredloslagos.cl\/test\/wp-json\/wp\/v2\/comments?post=15539"}],"version-history":[{"count":1,"href":"https:\/\/elconquistadorredloslagos.cl\/test\/wp-json\/wp\/v2\/posts\/15539\/revisions"}],"predecessor-version":[{"id":15543,"href":"https:\/\/elconquistadorredloslagos.cl\/test\/wp-json\/wp\/v2\/posts\/15539\/revisions\/15543"}],"wp:featuredmedia":[{"embeddable":true,"href":"https:\/\/elconquistadorredloslagos.cl\/test\/wp-json\/wp\/v2\/media\/15540"}],"wp:attachment":[{"href":"https:\/\/elconquistadorredloslagos.cl\/test\/wp-json\/wp\/v2\/media?parent=15539"}],"wp:term":[{"taxonomy":"category","embeddable":true,"href":"https:\/\/elconquistadorredloslagos.cl\/test\/wp-json\/wp\/v2\/categories?post=15539"},{"taxonomy":"post_tag","embeddable":true,"href":"https:\/\/elconquistadorredloslagos.cl\/test\/wp-json\/wp\/v2\/tags?post=15539"}],"curies":[{"name":"wp","href":"https:\/\/api.w.org\/{rel}","templated":true}]}}