{"id":15535,"date":"2025-10-30T14:50:18","date_gmt":"2025-10-30T17:50:18","guid":{"rendered":"https:\/\/elconquistadorredloslagos.cl\/test\/?p=15535"},"modified":"2025-10-30T14:50:18","modified_gmt":"2025-10-30T17:50:18","slug":"ancud-avanza-proceso-para-pago-de-deudas-previsionales-a-trabajadores-de-la-educacion","status":"publish","type":"post","link":"https:\/\/elconquistadorredloslagos.cl\/test\/blog\/2025\/10\/30\/ancud-avanza-proceso-para-pago-de-deudas-previsionales-a-trabajadores-de-la-educacion\/","title":{"rendered":"Ancud: avanza proceso para pago de deudas previsionales a trabajadores de la educaci\u00f3n"},"content":{"rendered":"\n<p>Una cifra que supera los 40 mil millones de pesos es la que adeuda la comuna de Ancud por concepto de deudas previsionales del \u00e1rea de Educaci\u00f3n de su corporaci\u00f3n municipal, seg\u00fan informaci\u00f3n entregada por la Subsecretar\u00eda de Educaci\u00f3n al Colegio de Profesores de Chile.<\/p>\n\n\n\n<p>La comuna norte de Chilo\u00e9 concentra el mayor monto con una deuda de 43 mil 535 millones 3 mil 753 pesos, la que podr\u00eda aumentar a 47 mil 79 millones 647 mil 708 pesos hacia diciembre, seg\u00fan estima la repartici\u00f3n que es parte del Ministerio de Educaci\u00f3n (Mineduc).<\/p>\n\n\n\n<p>Este monto corresponde a un total de 860 trabajadores del \u00e1rea de la ense\u00f1anza p\u00fablica, la que fue traspasada totalmente de las 10 comunas chilotas en enero de este a\u00f1o al SLEP (Servicio Local de Educaci\u00f3n P\u00fablica).<\/p>\n\n\n\n<p>No obstante en los \u00faltimos d\u00edas, se dio a conocer una buena noticia para los trabajadores de la educaci\u00f3n ancuditana, dado que el Ministerio de Educaci\u00f3n, a trav\u00e9s de su Subsecretar\u00eda, logr\u00f3 consolidar los montos correspondientes a las deudas con las comunas, un paso clave dentro del protocolo de pago establecido. As\u00ed lo explic\u00f3 Pamela Carrasco, presidenta del Colegio de Profesores de Ancud.<\/p>\n\n\n\n<figure class=\"wp-block-audio\"><audio controls src=\"https:\/\/elconquistadorredloslagos.cl\/test\/wp-content\/uploads\/2025\/10\/a1.mp3\"><\/audio><\/figure>\n\n\n\n<p>Con esta etapa cumplida, el 21 de octubre se ofici\u00f3 a la Direcci\u00f3n de Presupuestos (DIPRES), entidad que ahora dispone de 30 d\u00edas h\u00e1biles para pronunciarse sobre los montos y la modalidad en que se efectuar\u00e1n los pagos.<br><br><\/p>\n","protected":false},"excerpt":{"rendered":"<p>Una cifra que supera los 40 mil millones de pesos es la que adeuda la comuna de Ancud por concepto de deudas previsionales del \u00e1rea de Educaci\u00f3n de su corporaci\u00f3n..<\/p>\n","protected":false},"author":2,"featured_media":15537,"comment_status":"closed","ping_status":"open","sticky":false,"template":"","format":"standard","meta":{"footnotes":""},"categories":[1,28,51],"tags":[],"class_list":["post-15535","post","type-post","status-publish","format-standard","has-post-thumbnail","hentry","category-acontecer","category-actual","category-chiloe"],"rttpg_featured_image_url":{"full":["https:\/\/elconquistadorredloslagos.cl\/test\/wp-content\/uploads\/2025\/10\/img-126.jpg",1920,1080,false],"landscape":["https:\/\/elconquistadorredloslagos.cl\/test\/wp-content\/uploads\/2025\/10\/img-126.jpg",1920,1080,false],"portraits":["https:\/\/elconquistadorredloslagos.cl\/test\/wp-content\/uploads\/2025\/10\/img-126.jpg",1920,1080,false],"thumbnail":["https:\/\/elconquistadorredloslagos.cl\/test\/wp-content\/uploads\/2025\/10\/img-126-150x150.jpg",150,150,true],"medium":["https:\/\/elconquistadorredloslagos.cl\/test\/wp-content\/uploads\/2025\/10\/img-126-300x169.jpg",300,169,true],"large":["https:\/\/elconquistadorredloslagos.cl\/test\/wp-content\/uploads\/2025\/10\/img-126-1024x576.jpg",1024,576,true],"1536x1536":["https:\/\/elconquistadorredloslagos.cl\/test\/wp-content\/uploads\/2025\/10\/img-126-1536x864.jpg",1536,864,true],"2048x2048":["https:\/\/elconquistadorredloslagos.cl\/test\/wp-content\/uploads\/2025\/10\/img-126.jpg",1920,1080,false]},"rttpg_author":{"display_name":"ccardenas","author_link":"https:\/\/elconquistadorredloslagos.cl\/test\/blog\/author\/ccardenas\/"},"rttpg_comment":0,"rttpg_category":"<a href=\"https:\/\/elconquistadorredloslagos.cl\/test\/blog\/category\/actual\/acontecer\/\" rel=\"category tag\">Acontecer<\/a> <a href=\"https:\/\/elconquistadorredloslagos.cl\/test\/blog\/category\/actual\/\" rel=\"category tag\">Actualidad<\/a> <a href=\"https:\/\/elconquistadorredloslagos.cl\/test\/blog\/category\/chile\/chiloe\/\" rel=\"category tag\">Chilo\u00e9<\/a>","rttpg_excerpt":"Una cifra que supera los 40 mil millones de pesos es la que adeuda la comuna de Ancud por concepto de deudas previsionales del \u00e1rea de Educaci\u00f3n de su corporaci\u00f3n..","_links":{"self":[{"href":"https:\/\/elconquistadorredloslagos.cl\/test\/wp-json\/wp\/v2\/posts\/15535","targetHints":{"allow":["GET"]}}],"collection":[{"href":"https:\/\/elconquistadorredloslagos.cl\/test\/wp-json\/wp\/v2\/posts"}],"about":[{"href":"https:\/\/elconquistadorredloslagos.cl\/test\/wp-json\/wp\/v2\/types\/post"}],"author":[{"embeddable":true,"href":"https:\/\/elconquistadorredloslagos.cl\/test\/wp-json\/wp\/v2\/users\/2"}],"replies":[{"embeddable":true,"href":"https:\/\/elconquistadorredloslagos.cl\/test\/wp-json\/wp\/v2\/comments?post=15535"}],"version-history":[{"count":1,"href":"https:\/\/elconquistadorredloslagos.cl\/test\/wp-json\/wp\/v2\/posts\/15535\/revisions"}],"predecessor-version":[{"id":15538,"href":"https:\/\/elconquistadorredloslagos.cl\/test\/wp-json\/wp\/v2\/posts\/15535\/revisions\/15538"}],"wp:featuredmedia":[{"embeddable":true,"href":"https:\/\/elconquistadorredloslagos.cl\/test\/wp-json\/wp\/v2\/media\/15537"}],"wp:attachment":[{"href":"https:\/\/elconquistadorredloslagos.cl\/test\/wp-json\/wp\/v2\/media?parent=15535"}],"wp:term":[{"taxonomy":"category","embeddable":true,"href":"https:\/\/elconquistadorredloslagos.cl\/test\/wp-json\/wp\/v2\/categories?post=15535"},{"taxonomy":"post_tag","embeddable":true,"href":"https:\/\/elconquistadorredloslagos.cl\/test\/wp-json\/wp\/v2\/tags?post=15535"}],"curies":[{"name":"wp","href":"https:\/\/api.w.org\/{rel}","templated":true}]}}