{"id":15532,"date":"2025-10-30T10:58:09","date_gmt":"2025-10-30T13:58:09","guid":{"rendered":"https:\/\/elconquistadorredloslagos.cl\/test\/?p=15532"},"modified":"2025-10-30T10:58:09","modified_gmt":"2025-10-30T13:58:09","slug":"inacap-puerto-montt-y-consejo-productivo-regional-impulsan-seminario-motor-economico-los-lagos-talento-tp-que-transforma","status":"publish","type":"post","link":"https:\/\/elconquistadorredloslagos.cl\/test\/blog\/2025\/10\/30\/inacap-puerto-montt-y-consejo-productivo-regional-impulsan-seminario-motor-economico-los-lagos-talento-tp-que-transforma\/","title":{"rendered":"INACAP Puerto Montt y Consejo Productivo Regional impulsan seminario \u201cMotor Econ\u00f3mico Los Lagos: Talento TP que Transforma\u201d"},"content":{"rendered":"\n<p>INACAP Sede Puerto Montt fue el escenario del seminario <strong>\u201cMotor Econ\u00f3mico Los Lagos: Talento TP que Transforma\u201d<\/strong>, organizado por el <strong>Consejo Productivo Regional<\/strong>, una iniciativa conjunta de la <strong>Alianza INACAP y la CPC<\/strong>.<\/p>\n\n\n\n<p>El encuentro tuvo como prop\u00f3sito <strong>destacar el rol de la Educaci\u00f3n T\u00e9cnico Profesional (TP)<\/strong> como motor del desarrollo econ\u00f3mico sostenible y herramienta de movilidad social en la Regi\u00f3n de Los Lagos.<\/p>\n\n\n\n<p>La jornada reuni\u00f3 a representantes del mundo <strong>empresarial, p\u00fablico y educativo<\/strong>, quienes reflexionaron sobre los desaf\u00edos y oportunidades que enfrenta la educaci\u00f3n t\u00e9cnico profesional en el contexto productivo regional.<\/p>\n\n\n\n<h3 class=\"wp-block-heading\">Di\u00e1logo y vinculaci\u00f3n con el sector productivo<\/h3>\n\n\n\n<p>Durante el evento se desarroll\u00f3 el panel <strong>\u201c\u00bfOportunidades o desaf\u00edos?: del aula a la industria\u201d<\/strong>, con la participaci\u00f3n de representantes de <strong>SalmonChile, Agrollanquihue, el Servicio Local de Educaci\u00f3n P\u00fablica Llanquihue y Armasur<\/strong>. Asimismo, la <strong>Seremi de Econom\u00eda<\/strong> y la <strong>C\u00e1mara de Comercio de Puerto Montt<\/strong> abordaron la situaci\u00f3n regional desde la perspectiva del crecimiento y la productividad.<\/p>\n\n\n\n<p>El <strong>Rector de INACAP, Lucas Palacios<\/strong>, destac\u00f3 la relevancia de este tipo de instancias:<\/p>\n\n\n\n<blockquote class=\"wp-block-quote is-layout-flow wp-block-quote-is-layout-flow\">\n<p>\u201cFelicito y agradezco al Consejo Productivo Regional de Puerto Montt por esta iniciativa que refuerza el compromiso y trabajo impulsado para potenciar las oportunidades y el desarrollo de la regi\u00f3n. La educaci\u00f3n es motor de movilidad social y de descentralizaci\u00f3n productiva, y es clave para construir el Puerto Montt que so\u00f1amos para el futuro\u201d, se\u00f1al\u00f3.<\/p>\n<\/blockquote>\n\n\n\n<p>Por su parte, la <strong>presidenta del Consejo Productivo Regional de Puerto Montt, Andrea Guerra<\/strong>, subray\u00f3 el valor de la colaboraci\u00f3n entre el sector educativo y el productivo:<\/p>\n\n\n\n<blockquote class=\"wp-block-quote is-layout-flow wp-block-quote-is-layout-flow\">\n<p>\u201cEste seminario muestra la vinculaci\u00f3n que hemos logrado entre el sector productivo y la educaci\u00f3n a trav\u00e9s de INACAP. Ha sido una jornada exitosa donde se han compartido las visiones de empresarios, acad\u00e9micos y autoridades, mostrando lo que se est\u00e1 construyendo en nuestra regi\u00f3n\u201d, afirm\u00f3.<\/p>\n<\/blockquote>\n\n\n\n<h3 class=\"wp-block-heading\">Compromiso con el desarrollo regional<\/h3>\n\n\n\n<p>El seminario reafirm\u00f3 el <strong>compromiso conjunto de fortalecer los v\u00ednculos entre la educaci\u00f3n t\u00e9cnica y los sectores productivos<\/strong>, promoviendo espacios de colaboraci\u00f3n que contribuyan al desarrollo regional y a la generaci\u00f3n de nuevas oportunidades para estudiantes y trabajadores del \u00e1mbito t\u00e9cnico profesional.<\/p>\n","protected":false},"excerpt":{"rendered":"<p>INACAP Sede Puerto Montt fue el escenario del seminario \u201cMotor Econ\u00f3mico Los Lagos: Talento TP que Transforma\u201d, organizado por el Consejo Productivo Regional, una iniciativa conjunta de la Alianza INACAP..<\/p>\n","protected":false},"author":7,"featured_media":15533,"comment_status":"closed","ping_status":"open","sticky":false,"template":"","format":"standard","meta":{"footnotes":""},"categories":[1,28,39,56],"tags":[],"class_list":["post-15532","post","type-post","status-publish","format-standard","has-post-thumbnail","hentry","category-acontecer","category-actual","category-educacion","category-puerto-montt"],"rttpg_featured_image_url":{"full":["https:\/\/elconquistadorredloslagos.cl\/test\/wp-content\/uploads\/2025\/10\/inacap.png",1920,1080,false],"landscape":["https:\/\/elconquistadorredloslagos.cl\/test\/wp-content\/uploads\/2025\/10\/inacap.png",1920,1080,false],"portraits":["https:\/\/elconquistadorredloslagos.cl\/test\/wp-content\/uploads\/2025\/10\/inacap.png",1920,1080,false],"thumbnail":["https:\/\/elconquistadorredloslagos.cl\/test\/wp-content\/uploads\/2025\/10\/inacap-150x150.png",150,150,true],"medium":["https:\/\/elconquistadorredloslagos.cl\/test\/wp-content\/uploads\/2025\/10\/inacap-300x169.png",300,169,true],"large":["https:\/\/elconquistadorredloslagos.cl\/test\/wp-content\/uploads\/2025\/10\/inacap-1024x576.png",1024,576,true],"1536x1536":["https:\/\/elconquistadorredloslagos.cl\/test\/wp-content\/uploads\/2025\/10\/inacap-1536x864.png",1536,864,true],"2048x2048":["https:\/\/elconquistadorredloslagos.cl\/test\/wp-content\/uploads\/2025\/10\/inacap.png",1920,1080,false]},"rttpg_author":{"display_name":"enzodelahoz1988","author_link":"https:\/\/elconquistadorredloslagos.cl\/test\/blog\/author\/enzodelahoz1988\/"},"rttpg_comment":0,"rttpg_category":"<a href=\"https:\/\/elconquistadorredloslagos.cl\/test\/blog\/category\/actual\/acontecer\/\" rel=\"category tag\">Acontecer<\/a> <a href=\"https:\/\/elconquistadorredloslagos.cl\/test\/blog\/category\/actual\/\" rel=\"category tag\">Actualidad<\/a> <a href=\"https:\/\/elconquistadorredloslagos.cl\/test\/blog\/category\/actual\/educacion\/\" rel=\"category tag\">Educaci\u00f3n<\/a> <a href=\"https:\/\/elconquistadorredloslagos.cl\/test\/blog\/category\/chile\/puerto-montt\/\" rel=\"category tag\">Puerto Montt<\/a>","rttpg_excerpt":"INACAP Sede Puerto Montt fue el escenario del seminario \u201cMotor Econ\u00f3mico Los Lagos: Talento TP que Transforma\u201d, organizado por el Consejo Productivo Regional, una iniciativa conjunta de la Alianza INACAP..","_links":{"self":[{"href":"https:\/\/elconquistadorredloslagos.cl\/test\/wp-json\/wp\/v2\/posts\/15532","targetHints":{"allow":["GET"]}}],"collection":[{"href":"https:\/\/elconquistadorredloslagos.cl\/test\/wp-json\/wp\/v2\/posts"}],"about":[{"href":"https:\/\/elconquistadorredloslagos.cl\/test\/wp-json\/wp\/v2\/types\/post"}],"author":[{"embeddable":true,"href":"https:\/\/elconquistadorredloslagos.cl\/test\/wp-json\/wp\/v2\/users\/7"}],"replies":[{"embeddable":true,"href":"https:\/\/elconquistadorredloslagos.cl\/test\/wp-json\/wp\/v2\/comments?post=15532"}],"version-history":[{"count":1,"href":"https:\/\/elconquistadorredloslagos.cl\/test\/wp-json\/wp\/v2\/posts\/15532\/revisions"}],"predecessor-version":[{"id":15534,"href":"https:\/\/elconquistadorredloslagos.cl\/test\/wp-json\/wp\/v2\/posts\/15532\/revisions\/15534"}],"wp:featuredmedia":[{"embeddable":true,"href":"https:\/\/elconquistadorredloslagos.cl\/test\/wp-json\/wp\/v2\/media\/15533"}],"wp:attachment":[{"href":"https:\/\/elconquistadorredloslagos.cl\/test\/wp-json\/wp\/v2\/media?parent=15532"}],"wp:term":[{"taxonomy":"category","embeddable":true,"href":"https:\/\/elconquistadorredloslagos.cl\/test\/wp-json\/wp\/v2\/categories?post=15532"},{"taxonomy":"post_tag","embeddable":true,"href":"https:\/\/elconquistadorredloslagos.cl\/test\/wp-json\/wp\/v2\/tags?post=15532"}],"curies":[{"name":"wp","href":"https:\/\/api.w.org\/{rel}","templated":true}]}}