{"id":15525,"date":"2025-10-29T21:16:52","date_gmt":"2025-10-30T00:16:52","guid":{"rendered":"https:\/\/elconquistadorredloslagos.cl\/test\/?p=15525"},"modified":"2025-10-29T21:16:53","modified_gmt":"2025-10-30T00:16:53","slug":"suspension-del-retiro-de-basura-este-sabado-1-de-noviembre-en-osorno","status":"publish","type":"post","link":"https:\/\/elconquistadorredloslagos.cl\/test\/blog\/2025\/10\/29\/suspension-del-retiro-de-basura-este-sabado-1-de-noviembre-en-osorno\/","title":{"rendered":"Suspensi\u00f3n del Retiro de Basura este S\u00e1bado 1 de Noviembre en Osorno"},"content":{"rendered":"\n<p>El <strong>Municipio de Osorno<\/strong> informa a la comunidad que el pr\u00f3ximo <strong>s\u00e1bado 1 de noviembre<\/strong> <strong>no se realizar\u00e1 la recolecci\u00f3n de basura domiciliaria<\/strong>, ni el servicio de <strong>barrido y aseo de calles<\/strong>, debido al feriado correspondiente al <strong>\u201cD\u00eda de Todos los Santos\u201d<\/strong>.<\/p>\n\n\n\n<p>La suspensi\u00f3n del servicio afectar\u00e1 a los sectores de <strong>Rahue y Centro<\/strong>, por lo que se hace un <strong>llamado a los vecinos a no sacar sus residuos durante esa jornada<\/strong>, con el fin de mantener el orden y la limpieza en la v\u00eda p\u00fablica.<\/p>\n\n\n\n<p>As\u00ed lo indic\u00f3 el <strong>Director de Medio Ambiente, Aseo y Ornato, Carlos Medina<\/strong>, quien precis\u00f3 que los <strong>servicios se reanudar\u00e1n<\/strong> en los d\u00edas y horarios habituales:<\/p>\n\n\n\n<ul class=\"wp-block-list\">\n<li><strong>Sector Centro:<\/strong> domingo <strong>2 de noviembre<\/strong>, desde las <strong>21:00 horas<\/strong> en adelante.<\/li>\n\n\n\n<li><strong>Sector Rahue:<\/strong> martes <strong>4 de noviembre<\/strong>, en su horario regular.<\/li>\n<\/ul>\n\n\n\n<blockquote class=\"wp-block-quote is-layout-flow wp-block-quote-is-layout-flow\">\n<p>\u201cEl llamado es a la colaboraci\u00f3n de la comunidad para evitar acumulaci\u00f3n de residuos durante el feriado. El servicio se retomar\u00e1 con normalidad en las fechas establecidas\u201d, se\u00f1al\u00f3 Medina.<\/p>\n<\/blockquote>\n\n\n\n<figure class=\"wp-block-audio\"><audio controls src=\"https:\/\/elconquistadorredloslagos.cl\/test\/wp-content\/uploads\/2025\/10\/CUNA-CARLOS-MEDINA-SUSPENSION-1.mp3\"><\/audio><\/figure>\n\n\n\n<p>Asimismo, el <strong>barrido y aseo de calles y plazas<\/strong> se reanudar\u00e1 el <strong>domingo 2 de noviembre<\/strong>, conforme a las <strong>frecuencias previamente defini<\/strong>das.<\/p>\n\n\n\n<p>El municipio agradece la comprensi\u00f3n y el apoyo de los vecinos ante esta medida excepcional.<\/p>\n","protected":false},"excerpt":{"rendered":"<p>El Municipio de Osorno informa a la comunidad que el pr\u00f3ximo s\u00e1bado 1 de noviembre no se realizar\u00e1 la recolecci\u00f3n de basura domiciliaria, ni el servicio de barrido y aseo..<\/p>\n","protected":false},"author":9,"featured_media":15527,"comment_status":"closed","ping_status":"open","sticky":false,"template":"","format":"standard","meta":{"footnotes":""},"categories":[1,28,55],"tags":[],"class_list":["post-15525","post","type-post","status-publish","format-standard","has-post-thumbnail","hentry","category-acontecer","category-actual","category-osorno"],"rttpg_featured_image_url":{"full":["https:\/\/elconquistadorredloslagos.cl\/test\/wp-content\/uploads\/2025\/10\/Camiones-Recolectores-Osorno-2024-1.jpeg",1600,1200,false],"landscape":["https:\/\/elconquistadorredloslagos.cl\/test\/wp-content\/uploads\/2025\/10\/Camiones-Recolectores-Osorno-2024-1.jpeg",1600,1200,false],"portraits":["https:\/\/elconquistadorredloslagos.cl\/test\/wp-content\/uploads\/2025\/10\/Camiones-Recolectores-Osorno-2024-1.jpeg",1600,1200,false],"thumbnail":["https:\/\/elconquistadorredloslagos.cl\/test\/wp-content\/uploads\/2025\/10\/Camiones-Recolectores-Osorno-2024-1-150x150.jpeg",150,150,true],"medium":["https:\/\/elconquistadorredloslagos.cl\/test\/wp-content\/uploads\/2025\/10\/Camiones-Recolectores-Osorno-2024-1-300x225.jpeg",300,225,true],"large":["https:\/\/elconquistadorredloslagos.cl\/test\/wp-content\/uploads\/2025\/10\/Camiones-Recolectores-Osorno-2024-1-1024x768.jpeg",1024,768,true],"1536x1536":["https:\/\/elconquistadorredloslagos.cl\/test\/wp-content\/uploads\/2025\/10\/Camiones-Recolectores-Osorno-2024-1-1536x1152.jpeg",1536,1152,true],"2048x2048":["https:\/\/elconquistadorredloslagos.cl\/test\/wp-content\/uploads\/2025\/10\/Camiones-Recolectores-Osorno-2024-1.jpeg",1600,1200,false]},"rttpg_author":{"display_name":"mcifuentes","author_link":"https:\/\/elconquistadorredloslagos.cl\/test\/blog\/author\/mcifuentes\/"},"rttpg_comment":0,"rttpg_category":"<a href=\"https:\/\/elconquistadorredloslagos.cl\/test\/blog\/category\/actual\/acontecer\/\" rel=\"category tag\">Acontecer<\/a> <a href=\"https:\/\/elconquistadorredloslagos.cl\/test\/blog\/category\/actual\/\" rel=\"category tag\">Actualidad<\/a> <a href=\"https:\/\/elconquistadorredloslagos.cl\/test\/blog\/category\/chile\/osorno\/\" rel=\"category tag\">Osorno<\/a>","rttpg_excerpt":"El Municipio de Osorno informa a la comunidad que el pr\u00f3ximo s\u00e1bado 1 de noviembre no se realizar\u00e1 la recolecci\u00f3n de basura domiciliaria, ni el servicio de barrido y aseo..","_links":{"self":[{"href":"https:\/\/elconquistadorredloslagos.cl\/test\/wp-json\/wp\/v2\/posts\/15525","targetHints":{"allow":["GET"]}}],"collection":[{"href":"https:\/\/elconquistadorredloslagos.cl\/test\/wp-json\/wp\/v2\/posts"}],"about":[{"href":"https:\/\/elconquistadorredloslagos.cl\/test\/wp-json\/wp\/v2\/types\/post"}],"author":[{"embeddable":true,"href":"https:\/\/elconquistadorredloslagos.cl\/test\/wp-json\/wp\/v2\/users\/9"}],"replies":[{"embeddable":true,"href":"https:\/\/elconquistadorredloslagos.cl\/test\/wp-json\/wp\/v2\/comments?post=15525"}],"version-history":[{"count":1,"href":"https:\/\/elconquistadorredloslagos.cl\/test\/wp-json\/wp\/v2\/posts\/15525\/revisions"}],"predecessor-version":[{"id":15528,"href":"https:\/\/elconquistadorredloslagos.cl\/test\/wp-json\/wp\/v2\/posts\/15525\/revisions\/15528"}],"wp:featuredmedia":[{"embeddable":true,"href":"https:\/\/elconquistadorredloslagos.cl\/test\/wp-json\/wp\/v2\/media\/15527"}],"wp:attachment":[{"href":"https:\/\/elconquistadorredloslagos.cl\/test\/wp-json\/wp\/v2\/media?parent=15525"}],"wp:term":[{"taxonomy":"category","embeddable":true,"href":"https:\/\/elconquistadorredloslagos.cl\/test\/wp-json\/wp\/v2\/categories?post=15525"},{"taxonomy":"post_tag","embeddable":true,"href":"https:\/\/elconquistadorredloslagos.cl\/test\/wp-json\/wp\/v2\/tags?post=15525"}],"curies":[{"name":"wp","href":"https:\/\/api.w.org\/{rel}","templated":true}]}}