{"id":15239,"date":"2025-10-21T16:54:25","date_gmt":"2025-10-21T19:54:25","guid":{"rendered":"https:\/\/elconquistadorredloslagos.cl\/test\/?p=15239"},"modified":"2025-10-21T16:54:25","modified_gmt":"2025-10-21T19:54:25","slug":"servel-define-autorizados-para-propaganda-electoral-en-puerto-montt","status":"publish","type":"post","link":"https:\/\/elconquistadorredloslagos.cl\/test\/blog\/2025\/10\/21\/servel-define-autorizados-para-propaganda-electoral-en-puerto-montt\/","title":{"rendered":"Servel define autorizados para propaganda electoral en Puerto Montt"},"content":{"rendered":"\n<p>El Servicio Electoral (Servel) inform\u00f3 la autorizaci\u00f3n de 20 espacios p\u00fablicos en Puerto Montt para la instalaci\u00f3n de propaganda con miras a las elecciones presidenciales y parlamentarias del pr\u00f3ximo 16 de noviembre.<\/p>\n\n\n\n<p>Seg\u00fan lo publicado en el sitio web del organismo, la fase de difusi\u00f3n en espacios p\u00fablicos se extender\u00e1 hasta el 13 de noviembre y busca garantizar igualdad de condiciones para las distintas candidaturas.<\/p>\n\n\n\n<p>Entre los lugares habilitados se encuentran la plaza de Los Colonos, tres tramos de la plaza de Alerce, la avenida Volc\u00e1n Puntiagudo y sectores rurales como La Vara\u2013Los Fundadores, Las Quemas, Chamiza, Lenca, Isla Maillen y Correntoso. Tambi\u00e9n se incluyen puntos estrat\u00e9gicos como la Rotonda Avenida Austral 1 y 2, avenida Salvador Allende, Bosquemar, la intersecci\u00f3n de Los Notros con Presidente Ib\u00e1\u00f1ez, el Mirador Laguna El Salto, el Parque Industrial 1 y 2, Volc\u00e1n Corcovado y la Caleta Pesquera Pichi Pelluco.<\/p>\n\n\n\n<p>El Servel record\u00f3 que, una vez concluido el proceso electoral, se informar\u00e1n a los comandos las eventuales sanciones por incumplimientos a la normativa vigente sobre propaganda.<\/p>\n","protected":false},"excerpt":{"rendered":"<p>El Servicio Electoral (Servel) inform\u00f3 la autorizaci\u00f3n de 20 espacios p\u00fablicos en Puerto Montt para la instalaci\u00f3n de propaganda con miras a las elecciones presidenciales y parlamentarias del pr\u00f3ximo 16..<\/p>\n","protected":false},"author":2,"featured_media":15240,"comment_status":"closed","ping_status":"open","sticky":false,"template":"","format":"standard","meta":{"footnotes":""},"categories":[1,28,38,56],"tags":[],"class_list":["post-15239","post","type-post","status-publish","format-standard","has-post-thumbnail","hentry","category-acontecer","category-actual","category-politica","category-puerto-montt"],"rttpg_featured_image_url":{"full":["https:\/\/elconquistadorredloslagos.cl\/test\/wp-content\/uploads\/2025\/10\/img-70.jpg",1920,1080,false],"landscape":["https:\/\/elconquistadorredloslagos.cl\/test\/wp-content\/uploads\/2025\/10\/img-70.jpg",1920,1080,false],"portraits":["https:\/\/elconquistadorredloslagos.cl\/test\/wp-content\/uploads\/2025\/10\/img-70.jpg",1920,1080,false],"thumbnail":["https:\/\/elconquistadorredloslagos.cl\/test\/wp-content\/uploads\/2025\/10\/img-70-150x150.jpg",150,150,true],"medium":["https:\/\/elconquistadorredloslagos.cl\/test\/wp-content\/uploads\/2025\/10\/img-70-300x169.jpg",300,169,true],"large":["https:\/\/elconquistadorredloslagos.cl\/test\/wp-content\/uploads\/2025\/10\/img-70-1024x576.jpg",1024,576,true],"1536x1536":["https:\/\/elconquistadorredloslagos.cl\/test\/wp-content\/uploads\/2025\/10\/img-70-1536x864.jpg",1536,864,true],"2048x2048":["https:\/\/elconquistadorredloslagos.cl\/test\/wp-content\/uploads\/2025\/10\/img-70.jpg",1920,1080,false]},"rttpg_author":{"display_name":"ccardenas","author_link":"https:\/\/elconquistadorredloslagos.cl\/test\/blog\/author\/ccardenas\/"},"rttpg_comment":0,"rttpg_category":"<a href=\"https:\/\/elconquistadorredloslagos.cl\/test\/blog\/category\/actual\/acontecer\/\" rel=\"category tag\">Acontecer<\/a> <a href=\"https:\/\/elconquistadorredloslagos.cl\/test\/blog\/category\/actual\/\" rel=\"category tag\">Actualidad<\/a> <a href=\"https:\/\/elconquistadorredloslagos.cl\/test\/blog\/category\/actual\/politica\/\" rel=\"category tag\">Politica<\/a> <a href=\"https:\/\/elconquistadorredloslagos.cl\/test\/blog\/category\/chile\/puerto-montt\/\" rel=\"category tag\">Puerto Montt<\/a>","rttpg_excerpt":"El Servicio Electoral (Servel) inform\u00f3 la autorizaci\u00f3n de 20 espacios p\u00fablicos en Puerto Montt para la instalaci\u00f3n de propaganda con miras a las elecciones presidenciales y parlamentarias del pr\u00f3ximo 16..","_links":{"self":[{"href":"https:\/\/elconquistadorredloslagos.cl\/test\/wp-json\/wp\/v2\/posts\/15239","targetHints":{"allow":["GET"]}}],"collection":[{"href":"https:\/\/elconquistadorredloslagos.cl\/test\/wp-json\/wp\/v2\/posts"}],"about":[{"href":"https:\/\/elconquistadorredloslagos.cl\/test\/wp-json\/wp\/v2\/types\/post"}],"author":[{"embeddable":true,"href":"https:\/\/elconquistadorredloslagos.cl\/test\/wp-json\/wp\/v2\/users\/2"}],"replies":[{"embeddable":true,"href":"https:\/\/elconquistadorredloslagos.cl\/test\/wp-json\/wp\/v2\/comments?post=15239"}],"version-history":[{"count":1,"href":"https:\/\/elconquistadorredloslagos.cl\/test\/wp-json\/wp\/v2\/posts\/15239\/revisions"}],"predecessor-version":[{"id":15241,"href":"https:\/\/elconquistadorredloslagos.cl\/test\/wp-json\/wp\/v2\/posts\/15239\/revisions\/15241"}],"wp:featuredmedia":[{"embeddable":true,"href":"https:\/\/elconquistadorredloslagos.cl\/test\/wp-json\/wp\/v2\/media\/15240"}],"wp:attachment":[{"href":"https:\/\/elconquistadorredloslagos.cl\/test\/wp-json\/wp\/v2\/media?parent=15239"}],"wp:term":[{"taxonomy":"category","embeddable":true,"href":"https:\/\/elconquistadorredloslagos.cl\/test\/wp-json\/wp\/v2\/categories?post=15239"},{"taxonomy":"post_tag","embeddable":true,"href":"https:\/\/elconquistadorredloslagos.cl\/test\/wp-json\/wp\/v2\/tags?post=15239"}],"curies":[{"name":"wp","href":"https:\/\/api.w.org\/{rel}","templated":true}]}}