{"id":15236,"date":"2025-10-21T16:39:39","date_gmt":"2025-10-21T19:39:39","guid":{"rendered":"https:\/\/elconquistadorredloslagos.cl\/test\/?p=15236"},"modified":"2025-10-21T16:39:39","modified_gmt":"2025-10-21T19:39:39","slug":"traficantes-condenados-a-mas-de-45-anos-de-carcel-tras-operativo-en-barrio-puerta-sur-de-puerto-montt","status":"publish","type":"post","link":"https:\/\/elconquistadorredloslagos.cl\/test\/blog\/2025\/10\/21\/traficantes-condenados-a-mas-de-45-anos-de-carcel-tras-operativo-en-barrio-puerta-sur-de-puerto-montt\/","title":{"rendered":"Traficantes condenados a m\u00e1s de 45 a\u00f1os de c\u00e1rcel tras operativo en barrio Puerta Sur de Puerto Montt"},"content":{"rendered":"\n<p>Tres ciudadanos colombianos fueron condenados a penas que en total superan los 45 a\u00f1os de c\u00e1rcel, tras ser declarados culpables de delitos vinculados al tr\u00e1fico de drogas, tenencia ilegal de armas y lesiones, entre otros il\u00edcitos.<\/p>\n\n\n\n<p>La sentencia fue dictada por el Tribunal Oral en lo Penal de Puerto Montt, a ra\u00edz de un operativo efectuado en octubre de 2024 en el sector Puerta Sur, donde los imputados fueron detenidos durante un allanamiento policial.<\/p>\n\n\n\n<p>El fiscal de Puerto Montt, Joaqu\u00edn Y\u00e1\u00f1ez, destac\u00f3 que el fallo es resultado de un trabajo investigativo conjunto entre la Fiscal\u00eda Local y el OS-7 de Carabineros de Llanquihue, que permiti\u00f3 desarticular una banda dedicada al tr\u00e1fico de sustancias il\u00edcitas en la comuna.<\/p>\n\n\n\n<p>En el procedimiento se incautaron m\u00e1s de seis kilos de drogas, entre ellas clorhidrato de coca\u00edna, ketamina y \u00e9xtasis, adem\u00e1s de dos armas de fuego y diversas municiones.<\/p>\n\n\n\n<p>Los tres condenados cumplir\u00e1n penas efectivas de prisi\u00f3n en el recinto penitenciario de Puerto Montt, poniendo t\u00e9rmino a una investigaci\u00f3n que, seg\u00fan la Fiscal\u00eda, permiti\u00f3 frenar una de las redes de distribuci\u00f3n de drogas m\u00e1s activas del sector sur de la ciudad.<\/p>\n\n\n\n<p>\ud83d\udcf7 Contexto<\/p>\n","protected":false},"excerpt":{"rendered":"<p>Tres ciudadanos colombianos fueron condenados a penas que en total superan los 45 a\u00f1os de c\u00e1rcel, tras ser declarados culpables de delitos vinculados al tr\u00e1fico de drogas, tenencia ilegal de..<\/p>\n","protected":false},"author":2,"featured_media":15237,"comment_status":"closed","ping_status":"open","sticky":false,"template":"","format":"standard","meta":{"footnotes":""},"categories":[1,28,56],"tags":[],"class_list":["post-15236","post","type-post","status-publish","format-standard","has-post-thumbnail","hentry","category-acontecer","category-actual","category-puerto-montt"],"rttpg_featured_image_url":{"full":["https:\/\/elconquistadorredloslagos.cl\/test\/wp-content\/uploads\/2025\/10\/img-69.jpg",1920,1080,false],"landscape":["https:\/\/elconquistadorredloslagos.cl\/test\/wp-content\/uploads\/2025\/10\/img-69.jpg",1920,1080,false],"portraits":["https:\/\/elconquistadorredloslagos.cl\/test\/wp-content\/uploads\/2025\/10\/img-69.jpg",1920,1080,false],"thumbnail":["https:\/\/elconquistadorredloslagos.cl\/test\/wp-content\/uploads\/2025\/10\/img-69-150x150.jpg",150,150,true],"medium":["https:\/\/elconquistadorredloslagos.cl\/test\/wp-content\/uploads\/2025\/10\/img-69-300x169.jpg",300,169,true],"large":["https:\/\/elconquistadorredloslagos.cl\/test\/wp-content\/uploads\/2025\/10\/img-69-1024x576.jpg",1024,576,true],"1536x1536":["https:\/\/elconquistadorredloslagos.cl\/test\/wp-content\/uploads\/2025\/10\/img-69-1536x864.jpg",1536,864,true],"2048x2048":["https:\/\/elconquistadorredloslagos.cl\/test\/wp-content\/uploads\/2025\/10\/img-69.jpg",1920,1080,false]},"rttpg_author":{"display_name":"ccardenas","author_link":"https:\/\/elconquistadorredloslagos.cl\/test\/blog\/author\/ccardenas\/"},"rttpg_comment":0,"rttpg_category":"<a href=\"https:\/\/elconquistadorredloslagos.cl\/test\/blog\/category\/actual\/acontecer\/\" rel=\"category tag\">Acontecer<\/a> <a href=\"https:\/\/elconquistadorredloslagos.cl\/test\/blog\/category\/actual\/\" rel=\"category tag\">Actualidad<\/a> <a href=\"https:\/\/elconquistadorredloslagos.cl\/test\/blog\/category\/chile\/puerto-montt\/\" rel=\"category tag\">Puerto Montt<\/a>","rttpg_excerpt":"Tres ciudadanos colombianos fueron condenados a penas que en total superan los 45 a\u00f1os de c\u00e1rcel, tras ser declarados culpables de delitos vinculados al tr\u00e1fico de drogas, tenencia ilegal de..","_links":{"self":[{"href":"https:\/\/elconquistadorredloslagos.cl\/test\/wp-json\/wp\/v2\/posts\/15236","targetHints":{"allow":["GET"]}}],"collection":[{"href":"https:\/\/elconquistadorredloslagos.cl\/test\/wp-json\/wp\/v2\/posts"}],"about":[{"href":"https:\/\/elconquistadorredloslagos.cl\/test\/wp-json\/wp\/v2\/types\/post"}],"author":[{"embeddable":true,"href":"https:\/\/elconquistadorredloslagos.cl\/test\/wp-json\/wp\/v2\/users\/2"}],"replies":[{"embeddable":true,"href":"https:\/\/elconquistadorredloslagos.cl\/test\/wp-json\/wp\/v2\/comments?post=15236"}],"version-history":[{"count":1,"href":"https:\/\/elconquistadorredloslagos.cl\/test\/wp-json\/wp\/v2\/posts\/15236\/revisions"}],"predecessor-version":[{"id":15238,"href":"https:\/\/elconquistadorredloslagos.cl\/test\/wp-json\/wp\/v2\/posts\/15236\/revisions\/15238"}],"wp:featuredmedia":[{"embeddable":true,"href":"https:\/\/elconquistadorredloslagos.cl\/test\/wp-json\/wp\/v2\/media\/15237"}],"wp:attachment":[{"href":"https:\/\/elconquistadorredloslagos.cl\/test\/wp-json\/wp\/v2\/media?parent=15236"}],"wp:term":[{"taxonomy":"category","embeddable":true,"href":"https:\/\/elconquistadorredloslagos.cl\/test\/wp-json\/wp\/v2\/categories?post=15236"},{"taxonomy":"post_tag","embeddable":true,"href":"https:\/\/elconquistadorredloslagos.cl\/test\/wp-json\/wp\/v2\/tags?post=15236"}],"curies":[{"name":"wp","href":"https:\/\/api.w.org\/{rel}","templated":true}]}}