{"id":15230,"date":"2025-10-21T16:14:02","date_gmt":"2025-10-21T19:14:02","guid":{"rendered":"https:\/\/elconquistadorredloslagos.cl\/test\/?p=15230"},"modified":"2025-10-21T16:14:02","modified_gmt":"2025-10-21T19:14:02","slug":"operativo-en-castro-permite-regularizar-la-situacion-migratoria-de-40-menores","status":"publish","type":"post","link":"https:\/\/elconquistadorredloslagos.cl\/test\/blog\/2025\/10\/21\/operativo-en-castro-permite-regularizar-la-situacion-migratoria-de-40-menores\/","title":{"rendered":"Operativo en Castro permite regularizar la situaci\u00f3n migratoria de 40 menores"},"content":{"rendered":"\n<p>Un total de 40 ni\u00f1os, ni\u00f1as y adolescentes regularizaron su situaci\u00f3n migratoria durante un operativo realizado en el Centro Cultural de Castro, en el marco del programa Ni\u00f1ez Migrante del Servicio Nacional de Migraciones.<\/p>\n\n\n\n<p>La jornada fue organizada por la direcci\u00f3n regional del servicio junto al municipio local y contempl\u00f3 la atenci\u00f3n de 31 casos previamente inscritos y nueve adicionales por demanda espont\u00e1nea.<\/p>\n\n\n\n<p>La directora regional de Migraciones, Macarena Gallardo, explic\u00f3 que esta visa humanitaria permite a los menores de 18 a\u00f1os acceder a un documento de identidad y ejercer plenamente sus derechos. \u201cLos ni\u00f1os no toman la decisi\u00f3n de venir a Chile; llegan con sus familias, y por eso deben contar con protecci\u00f3n y reconocimiento legal\u201d, afirm\u00f3.<\/p>\n\n\n\n<p>Gallardo detall\u00f3 que estos operativos se realizan mensualmente, con visitas peri\u00f3dicas a Chilo\u00e9, para facilitar la entrega de documentos y evitar demoras. Adem\u00e1s, destac\u00f3 la importancia de la preinscripci\u00f3n para agilizar los procesos y asegurar una atenci\u00f3n m\u00e1s personalizada.<\/p>\n\n\n\n<p>Desde el municipio, Patricia Contreras, encargada de la Oficina de Inclusi\u00f3n, se\u00f1al\u00f3 que las comunas con Sello Migrante, como Castro, act\u00faan como enlace con el Servicio Nacional de Migraciones, orientando a las familias extranjeras en sus tr\u00e1mites digitales.<\/p>\n","protected":false},"excerpt":{"rendered":"<p>Un total de 40 ni\u00f1os, ni\u00f1as y adolescentes regularizaron su situaci\u00f3n migratoria durante un operativo realizado en el Centro Cultural de Castro, en el marco del programa Ni\u00f1ez Migrante del..<\/p>\n","protected":false},"author":2,"featured_media":15231,"comment_status":"closed","ping_status":"open","sticky":false,"template":"","format":"standard","meta":{"footnotes":""},"categories":[1,28,51],"tags":[],"class_list":["post-15230","post","type-post","status-publish","format-standard","has-post-thumbnail","hentry","category-acontecer","category-actual","category-chiloe"],"rttpg_featured_image_url":{"full":["https:\/\/elconquistadorredloslagos.cl\/test\/wp-content\/uploads\/2025\/10\/img-67.jpg",1920,1080,false],"landscape":["https:\/\/elconquistadorredloslagos.cl\/test\/wp-content\/uploads\/2025\/10\/img-67.jpg",1920,1080,false],"portraits":["https:\/\/elconquistadorredloslagos.cl\/test\/wp-content\/uploads\/2025\/10\/img-67.jpg",1920,1080,false],"thumbnail":["https:\/\/elconquistadorredloslagos.cl\/test\/wp-content\/uploads\/2025\/10\/img-67-150x150.jpg",150,150,true],"medium":["https:\/\/elconquistadorredloslagos.cl\/test\/wp-content\/uploads\/2025\/10\/img-67-300x169.jpg",300,169,true],"large":["https:\/\/elconquistadorredloslagos.cl\/test\/wp-content\/uploads\/2025\/10\/img-67-1024x576.jpg",1024,576,true],"1536x1536":["https:\/\/elconquistadorredloslagos.cl\/test\/wp-content\/uploads\/2025\/10\/img-67-1536x864.jpg",1536,864,true],"2048x2048":["https:\/\/elconquistadorredloslagos.cl\/test\/wp-content\/uploads\/2025\/10\/img-67.jpg",1920,1080,false]},"rttpg_author":{"display_name":"ccardenas","author_link":"https:\/\/elconquistadorredloslagos.cl\/test\/blog\/author\/ccardenas\/"},"rttpg_comment":0,"rttpg_category":"<a href=\"https:\/\/elconquistadorredloslagos.cl\/test\/blog\/category\/actual\/acontecer\/\" rel=\"category tag\">Acontecer<\/a> <a href=\"https:\/\/elconquistadorredloslagos.cl\/test\/blog\/category\/actual\/\" rel=\"category tag\">Actualidad<\/a> <a href=\"https:\/\/elconquistadorredloslagos.cl\/test\/blog\/category\/chile\/chiloe\/\" rel=\"category tag\">Chilo\u00e9<\/a>","rttpg_excerpt":"Un total de 40 ni\u00f1os, ni\u00f1as y adolescentes regularizaron su situaci\u00f3n migratoria durante un operativo realizado en el Centro Cultural de Castro, en el marco del programa Ni\u00f1ez Migrante del..","_links":{"self":[{"href":"https:\/\/elconquistadorredloslagos.cl\/test\/wp-json\/wp\/v2\/posts\/15230","targetHints":{"allow":["GET"]}}],"collection":[{"href":"https:\/\/elconquistadorredloslagos.cl\/test\/wp-json\/wp\/v2\/posts"}],"about":[{"href":"https:\/\/elconquistadorredloslagos.cl\/test\/wp-json\/wp\/v2\/types\/post"}],"author":[{"embeddable":true,"href":"https:\/\/elconquistadorredloslagos.cl\/test\/wp-json\/wp\/v2\/users\/2"}],"replies":[{"embeddable":true,"href":"https:\/\/elconquistadorredloslagos.cl\/test\/wp-json\/wp\/v2\/comments?post=15230"}],"version-history":[{"count":1,"href":"https:\/\/elconquistadorredloslagos.cl\/test\/wp-json\/wp\/v2\/posts\/15230\/revisions"}],"predecessor-version":[{"id":15232,"href":"https:\/\/elconquistadorredloslagos.cl\/test\/wp-json\/wp\/v2\/posts\/15230\/revisions\/15232"}],"wp:featuredmedia":[{"embeddable":true,"href":"https:\/\/elconquistadorredloslagos.cl\/test\/wp-json\/wp\/v2\/media\/15231"}],"wp:attachment":[{"href":"https:\/\/elconquistadorredloslagos.cl\/test\/wp-json\/wp\/v2\/media?parent=15230"}],"wp:term":[{"taxonomy":"category","embeddable":true,"href":"https:\/\/elconquistadorredloslagos.cl\/test\/wp-json\/wp\/v2\/categories?post=15230"},{"taxonomy":"post_tag","embeddable":true,"href":"https:\/\/elconquistadorredloslagos.cl\/test\/wp-json\/wp\/v2\/tags?post=15230"}],"curies":[{"name":"wp","href":"https:\/\/api.w.org\/{rel}","templated":true}]}}