{"id":15218,"date":"2025-10-21T14:44:28","date_gmt":"2025-10-21T17:44:28","guid":{"rendered":"https:\/\/elconquistadorredloslagos.cl\/test\/?p=15218"},"modified":"2025-10-21T15:19:54","modified_gmt":"2025-10-21T18:19:54","slug":"productores-del-sur-destacan-el-valor-nutricional-de-la-leche-chilena-en-el-congreso-mundial","status":"publish","type":"post","link":"https:\/\/elconquistadorredloslagos.cl\/test\/blog\/2025\/10\/21\/productores-del-sur-destacan-el-valor-nutricional-de-la-leche-chilena-en-el-congreso-mundial\/","title":{"rendered":"Productores del sur destacan el valor nutricional de la leche chilena en el Congreso Mundial"},"content":{"rendered":"\n<p><br>El <strong>Congreso Mundial de la Leche 2025 (IDF World Dairy Summit)<\/strong>, que por primera vez se realiza en Chile y en Latinoam\u00e9rica, marc\u00f3 un hito para el sector l\u00e1cteo nacional, consolidando al pa\u00eds como un referente internacional en sostenibilidad, innovaci\u00f3n, nutrici\u00f3n y seguridad alimentaria.<\/p>\n\n\n\n<p>Para <strong>Anita Jans<\/strong>, gerente de <strong>Aproleche Osorno<\/strong>, este encuentro es una valiosa oportunidad para que los productores del sur del pa\u00eds, se sientan orgullosos del trabajo que realizan d\u00eda a d\u00eda en sus campos y lecher\u00edas.<\/p>\n\n\n\n<figure class=\"wp-block-image size-large\"><img loading=\"lazy\" decoding=\"async\" width=\"1024\" height=\"614\" src=\"https:\/\/elconquistadorredloslagos.cl\/test\/wp-content\/uploads\/2025\/10\/WhatsApp-Image-2025-10-21-at-1.47.24-PM-1-1024x614.jpeg\" alt=\"\" class=\"wp-image-15222\" \/><\/figure>\n\n\n\n<blockquote class=\"wp-block-quote is-layout-flow wp-block-quote-is-layout-flow\">\n<p>\u201cLas exposiciones de los charlistas destacaron que las praderas del sur de Chile, aportan cualidades \u00fanicas a nuestra leche, haci\u00e9ndola m\u00e1s nutritiva y beneficiosa para el consumo humano\u201d, se\u00f1al\u00f3 Jans.<\/p>\n<\/blockquote>\n\n\n\n<p>La representante gremial de APROLECHE, agreg\u00f3 que, seg\u00fan los expertos internacionales reunidos en el evento, el consumo mundial de leche aumentar\u00e1 en promedio un 2% y la producci\u00f3n aumentar\u00e1 en un 1.4% en promedio anual, lo que se traduce en una buena noticia para el sector.<\/p>\n\n\n\n<blockquote class=\"wp-block-quote is-layout-flow wp-block-quote-is-layout-flow\">\n<p>\u201cDebemos prepararnos para responder a esta creciente demanda, cuidando nuestro ganado de raza Holstein \u2014la principal raza lechera del pa\u00eds\u2014 y protegiendo la producci\u00f3n frente a las amenazas que afectan el consumo natural de leche a nivel global\u201d, a\u00f1adi\u00f3.<\/p>\n<\/blockquote>\n\n\n\n<p>Las <strong>vacas Holstein<\/strong>, reconocidas por su alta productividad, se adaptan mejor a climas fr\u00edos y templados, condiciones ideales que caracterizan a la zona sur de Chile y que potencian la calidad de la leche nacional, dijo Anita Jans, gerente de Aproleche Asociaci\u00f3n Gremial de Osorno.<\/p>\n\n\n\n<p>Por otra parte, bajo el lema <em>\u201cNutriendo un mundo sostenible\u201d<\/em>, el <strong>World Dairy Summit 2025<\/strong> reuni\u00f3 en Santiago a m\u00e1s de 1.000 representantes de 40 pa\u00edses, entre productores, cient\u00edficos y l\u00edderes del sector l\u00e1cteo. Durante la inauguraci\u00f3n, el presidente del Comit\u00e9 Organizador y titular del <strong>Consorcio Lechero<\/strong>, <strong>Sergio Niklitschek<\/strong>, destac\u00f3 la importancia del encuentro: \u201cesta es una oportunidad para renovar conocimientos, debatir sobre el futuro del sector en la pr\u00f3xima d\u00e9cada y fortalecer nuestra red global de conexiones hacia el exterior\u201d.<\/p>\n\n\n\n<figure class=\"wp-block-image size-large\"><img loading=\"lazy\" decoding=\"async\" width=\"1024\" height=\"661\" src=\"https:\/\/elconquistadorredloslagos.cl\/test\/wp-content\/uploads\/2025\/10\/Cumbre-mundial-de-la-leche_foto-1-1-1024x661.jpeg\" alt=\"\" class=\"wp-image-15223\" \/><\/figure>\n\n\n\n<p>Uno de los hitos del evento fue la presentaci\u00f3n de la <strong>primera leche certificada con la distinci\u00f3n Chile Origen Consciente<\/strong>, impulsada por <strong>Soprole<\/strong>, como s\u00edmbolo del compromiso del pa\u00eds con la sostenibilidad alimentaria.<\/p>\n\n\n\n<p>La directora nacional de <strong>ProChile<\/strong>, <strong>Lorena Sep\u00falveda<\/strong>, subray\u00f3 la relevancia del sector para la econom\u00eda nacional:<\/p>\n\n\n\n<blockquote class=\"wp-block-quote is-layout-flow wp-block-quote-is-layout-flow\">\n<p>\u201cEn 2024, las exportaciones de leche y derivados superaron los US$260 millones, con principales destinos en Estados Unidos, M\u00e9xico y Brasil. Esperamos que este encuentro genere nuevas oportunidades para las empresas chilenas y consolide nuestro liderazgo en calidad y valor agregado\u201d.<\/p>\n<\/blockquote>\n\n\n\n<p>El programa <strong>Chile Origen Consciente<\/strong> busca fortalecer la sostenibilidad del sector agroalimentario mediante est\u00e1ndares certificables, desarrollados en l\u00ednea con las expectativas de los mercados internacionales y las particularidades de la producci\u00f3n chilena. Actualmente, toda la cadena l\u00e1ctea \u2014desde productores hasta la industria\u2014 participa de esta iniciativa, con el respaldo de <strong>Soprole, Col\u00fan, Nestl\u00e9, Watt\u2019s<\/strong> y <strong>Comercial del Campo<\/strong>.<\/p>\n\n\n\n<blockquote class=\"wp-block-quote is-layout-flow wp-block-quote-is-layout-flow\">\n<p>En conclusi\u00f3n dijeron que \u201cel esfuerzo colectivo demuestra que la competitividad y la sostenibilidad pueden avanzar juntas\u201d.<\/p>\n<\/blockquote>\n","protected":false},"excerpt":{"rendered":"<p>El Congreso Mundial de la Leche 2025 (IDF World Dairy Summit), que por primera vez se realiza en Chile y en Latinoam\u00e9rica, marc\u00f3 un hito para el sector l\u00e1cteo nacional,..<\/p>\n","protected":false},"author":9,"featured_media":15220,"comment_status":"closed","ping_status":"open","sticky":false,"template":"","format":"standard","meta":{"footnotes":""},"categories":[1,28,51,39,25,53,54,52,55,38,56,27,29],"tags":[],"class_list":["post-15218","post","type-post","status-publish","format-standard","has-post-thumbnail","hentry","category-acontecer","category-actual","category-chiloe","category-educacion","category-empresas","category-mundo","category-lago-llanquihue","category-chile","category-osorno","category-politica","category-puerto-montt","category-tecnologia","category-turismo"],"rttpg_featured_image_url":{"full":["https:\/\/elconquistadorredloslagos.cl\/test\/wp-content\/uploads\/2025\/10\/1760998651701.jpeg",1280,853,false],"landscape":["https:\/\/elconquistadorredloslagos.cl\/test\/wp-content\/uploads\/2025\/10\/1760998651701.jpeg",1280,853,false],"portraits":["https:\/\/elconquistadorredloslagos.cl\/test\/wp-content\/uploads\/2025\/10\/1760998651701.jpeg",1280,853,false],"thumbnail":["https:\/\/elconquistadorredloslagos.cl\/test\/wp-content\/uploads\/2025\/10\/1760998651701-150x150.jpeg",150,150,true],"medium":["https:\/\/elconquistadorredloslagos.cl\/test\/wp-content\/uploads\/2025\/10\/1760998651701-300x200.jpeg",300,200,true],"large":["https:\/\/elconquistadorredloslagos.cl\/test\/wp-content\/uploads\/2025\/10\/1760998651701-1024x682.jpeg",1024,682,true],"1536x1536":["https:\/\/elconquistadorredloslagos.cl\/test\/wp-content\/uploads\/2025\/10\/1760998651701.jpeg",1280,853,false],"2048x2048":["https:\/\/elconquistadorredloslagos.cl\/test\/wp-content\/uploads\/2025\/10\/1760998651701.jpeg",1280,853,false]},"rttpg_author":{"display_name":"mcifuentes","author_link":"https:\/\/elconquistadorredloslagos.cl\/test\/blog\/author\/mcifuentes\/"},"rttpg_comment":0,"rttpg_category":"<a href=\"https:\/\/elconquistadorredloslagos.cl\/test\/blog\/category\/actual\/acontecer\/\" rel=\"category tag\">Acontecer<\/a> <a href=\"https:\/\/elconquistadorredloslagos.cl\/test\/blog\/category\/actual\/\" rel=\"category tag\">Actualidad<\/a> <a href=\"https:\/\/elconquistadorredloslagos.cl\/test\/blog\/category\/chile\/chiloe\/\" rel=\"category tag\">Chilo\u00e9<\/a> <a href=\"https:\/\/elconquistadorredloslagos.cl\/test\/blog\/category\/actual\/educacion\/\" rel=\"category tag\">Educaci\u00f3n<\/a> <a href=\"https:\/\/elconquistadorredloslagos.cl\/test\/blog\/category\/empresas\/\" rel=\"category tag\">Empresarial<\/a> <a href=\"https:\/\/elconquistadorredloslagos.cl\/test\/blog\/category\/mundo\/\" rel=\"category tag\">Internacional<\/a> <a href=\"https:\/\/elconquistadorredloslagos.cl\/test\/blog\/category\/chile\/lago-llanquihue\/\" rel=\"category tag\">Lago LLanquihue<\/a> <a href=\"https:\/\/elconquistadorredloslagos.cl\/test\/blog\/category\/chile\/\" rel=\"category tag\">Nacional<\/a> <a href=\"https:\/\/elconquistadorredloslagos.cl\/test\/blog\/category\/chile\/osorno\/\" rel=\"category tag\">Osorno<\/a> <a href=\"https:\/\/elconquistadorredloslagos.cl\/test\/blog\/category\/actual\/politica\/\" rel=\"category tag\">Politica<\/a> <a href=\"https:\/\/elconquistadorredloslagos.cl\/test\/blog\/category\/chile\/puerto-montt\/\" rel=\"category tag\">Puerto Montt<\/a> <a href=\"https:\/\/elconquistadorredloslagos.cl\/test\/blog\/category\/actual\/tecnologia\/\" rel=\"category tag\">Tecnologias<\/a> <a href=\"https:\/\/elconquistadorredloslagos.cl\/test\/blog\/category\/actual\/turismo\/\" rel=\"category tag\">Turismo<\/a>","rttpg_excerpt":"El Congreso Mundial de la Leche 2025 (IDF World Dairy Summit), que por primera vez se realiza en Chile y en Latinoam\u00e9rica, marc\u00f3 un hito para el sector l\u00e1cteo nacional,..","_links":{"self":[{"href":"https:\/\/elconquistadorredloslagos.cl\/test\/wp-json\/wp\/v2\/posts\/15218","targetHints":{"allow":["GET"]}}],"collection":[{"href":"https:\/\/elconquistadorredloslagos.cl\/test\/wp-json\/wp\/v2\/posts"}],"about":[{"href":"https:\/\/elconquistadorredloslagos.cl\/test\/wp-json\/wp\/v2\/types\/post"}],"author":[{"embeddable":true,"href":"https:\/\/elconquistadorredloslagos.cl\/test\/wp-json\/wp\/v2\/users\/9"}],"replies":[{"embeddable":true,"href":"https:\/\/elconquistadorredloslagos.cl\/test\/wp-json\/wp\/v2\/comments?post=15218"}],"version-history":[{"count":2,"href":"https:\/\/elconquistadorredloslagos.cl\/test\/wp-json\/wp\/v2\/posts\/15218\/revisions"}],"predecessor-version":[{"id":15229,"href":"https:\/\/elconquistadorredloslagos.cl\/test\/wp-json\/wp\/v2\/posts\/15218\/revisions\/15229"}],"wp:featuredmedia":[{"embeddable":true,"href":"https:\/\/elconquistadorredloslagos.cl\/test\/wp-json\/wp\/v2\/media\/15220"}],"wp:attachment":[{"href":"https:\/\/elconquistadorredloslagos.cl\/test\/wp-json\/wp\/v2\/media?parent=15218"}],"wp:term":[{"taxonomy":"category","embeddable":true,"href":"https:\/\/elconquistadorredloslagos.cl\/test\/wp-json\/wp\/v2\/categories?post=15218"},{"taxonomy":"post_tag","embeddable":true,"href":"https:\/\/elconquistadorredloslagos.cl\/test\/wp-json\/wp\/v2\/tags?post=15218"}],"curies":[{"name":"wp","href":"https:\/\/api.w.org\/{rel}","templated":true}]}}