{"id":15211,"date":"2025-10-21T14:09:30","date_gmt":"2025-10-21T17:09:30","guid":{"rendered":"https:\/\/elconquistadorredloslagos.cl\/test\/?p=15211"},"modified":"2025-10-21T14:09:31","modified_gmt":"2025-10-21T17:09:31","slug":"confusam-convoca-a-paro-nacional-de-tres-dias-por-crisis-en-la-atencion-primaria","status":"publish","type":"post","link":"https:\/\/elconquistadorredloslagos.cl\/test\/blog\/2025\/10\/21\/confusam-convoca-a-paro-nacional-de-tres-dias-por-crisis-en-la-atencion-primaria\/","title":{"rendered":"CONFUSAM convoca a paro nacional de tres d\u00edas por crisis en la Atenci\u00f3n Primaria"},"content":{"rendered":"\n<p>La Confederaci\u00f3n de Funcionarios de la Salud Municipalizada (CONFUSAM) anunci\u00f3 un paro nacional de la Atenci\u00f3n Primaria para los d\u00edas 28, 29 y 30 de octubre, en protesta por lo que califican como un deterioro progresivo en el financiamiento del sistema p\u00fablico de salud.<\/p>\n\n\n\n<p>La organizaci\u00f3n sostiene que decisiones como el congelamiento del Per C\u00e1pita Basal anunciado por el gobierno para 2026 y la reducci\u00f3n de programas comunitarios esenciales ponen en riesgo la atenci\u00f3n directa a los usuarios y el bienestar de las comunidades.<\/p>\n\n\n\n<p>En un comunicado, la CONFUSAM advirti\u00f3 que la eliminaci\u00f3n del programa \u201cM\u00e1s Adulto Mayor Autovalente\u201d representa un serio retroceso en la promoci\u00f3n de la autonom\u00eda y salud mental de las personas mayores, e insisti\u00f3 en su continuidad y fortalecimiento.<\/p>\n\n\n\n<p>Asimismo, alertaron que mantener el mismo presupuesto en un contexto de creciente demanda y aumento de los costos operacionales afectar\u00e1 la calidad del servicio y las condiciones laborales de los equipos de salud.<\/p>\n\n\n\n<p>\u201cLa Atenci\u00f3n Primaria no es un gasto, sino una inversi\u00f3n en justicia social\u201d, se\u00f1al\u00f3 la confederaci\u00f3n, subrayando que negar recursos a este nivel asistencial implica condenar al pa\u00eds a hospitales colapsados y a comunidades m\u00e1s vulnerables.<\/p>\n\n\n\n<p>\ud83d\udcf7 Contexto<\/p>\n","protected":false},"excerpt":{"rendered":"<p>La Confederaci\u00f3n de Funcionarios de la Salud Municipalizada (CONFUSAM) anunci\u00f3 un paro nacional de la Atenci\u00f3n Primaria para los d\u00edas 28, 29 y 30 de octubre, en protesta por lo..<\/p>\n","protected":false},"author":2,"featured_media":15212,"comment_status":"closed","ping_status":"open","sticky":false,"template":"","format":"standard","meta":{"footnotes":""},"categories":[1,28,52],"tags":[],"class_list":["post-15211","post","type-post","status-publish","format-standard","has-post-thumbnail","hentry","category-acontecer","category-actual","category-chile"],"rttpg_featured_image_url":{"full":["https:\/\/elconquistadorredloslagos.cl\/test\/wp-content\/uploads\/2025\/10\/img-65.jpg",1920,1080,false],"landscape":["https:\/\/elconquistadorredloslagos.cl\/test\/wp-content\/uploads\/2025\/10\/img-65.jpg",1920,1080,false],"portraits":["https:\/\/elconquistadorredloslagos.cl\/test\/wp-content\/uploads\/2025\/10\/img-65.jpg",1920,1080,false],"thumbnail":["https:\/\/elconquistadorredloslagos.cl\/test\/wp-content\/uploads\/2025\/10\/img-65-150x150.jpg",150,150,true],"medium":["https:\/\/elconquistadorredloslagos.cl\/test\/wp-content\/uploads\/2025\/10\/img-65-300x169.jpg",300,169,true],"large":["https:\/\/elconquistadorredloslagos.cl\/test\/wp-content\/uploads\/2025\/10\/img-65-1024x576.jpg",1024,576,true],"1536x1536":["https:\/\/elconquistadorredloslagos.cl\/test\/wp-content\/uploads\/2025\/10\/img-65-1536x864.jpg",1536,864,true],"2048x2048":["https:\/\/elconquistadorredloslagos.cl\/test\/wp-content\/uploads\/2025\/10\/img-65.jpg",1920,1080,false]},"rttpg_author":{"display_name":"ccardenas","author_link":"https:\/\/elconquistadorredloslagos.cl\/test\/blog\/author\/ccardenas\/"},"rttpg_comment":0,"rttpg_category":"<a href=\"https:\/\/elconquistadorredloslagos.cl\/test\/blog\/category\/actual\/acontecer\/\" rel=\"category tag\">Acontecer<\/a> <a href=\"https:\/\/elconquistadorredloslagos.cl\/test\/blog\/category\/actual\/\" rel=\"category tag\">Actualidad<\/a> <a href=\"https:\/\/elconquistadorredloslagos.cl\/test\/blog\/category\/chile\/\" rel=\"category tag\">Nacional<\/a>","rttpg_excerpt":"La Confederaci\u00f3n de Funcionarios de la Salud Municipalizada (CONFUSAM) anunci\u00f3 un paro nacional de la Atenci\u00f3n Primaria para los d\u00edas 28, 29 y 30 de octubre, en protesta por lo..","_links":{"self":[{"href":"https:\/\/elconquistadorredloslagos.cl\/test\/wp-json\/wp\/v2\/posts\/15211","targetHints":{"allow":["GET"]}}],"collection":[{"href":"https:\/\/elconquistadorredloslagos.cl\/test\/wp-json\/wp\/v2\/posts"}],"about":[{"href":"https:\/\/elconquistadorredloslagos.cl\/test\/wp-json\/wp\/v2\/types\/post"}],"author":[{"embeddable":true,"href":"https:\/\/elconquistadorredloslagos.cl\/test\/wp-json\/wp\/v2\/users\/2"}],"replies":[{"embeddable":true,"href":"https:\/\/elconquistadorredloslagos.cl\/test\/wp-json\/wp\/v2\/comments?post=15211"}],"version-history":[{"count":1,"href":"https:\/\/elconquistadorredloslagos.cl\/test\/wp-json\/wp\/v2\/posts\/15211\/revisions"}],"predecessor-version":[{"id":15213,"href":"https:\/\/elconquistadorredloslagos.cl\/test\/wp-json\/wp\/v2\/posts\/15211\/revisions\/15213"}],"wp:featuredmedia":[{"embeddable":true,"href":"https:\/\/elconquistadorredloslagos.cl\/test\/wp-json\/wp\/v2\/media\/15212"}],"wp:attachment":[{"href":"https:\/\/elconquistadorredloslagos.cl\/test\/wp-json\/wp\/v2\/media?parent=15211"}],"wp:term":[{"taxonomy":"category","embeddable":true,"href":"https:\/\/elconquistadorredloslagos.cl\/test\/wp-json\/wp\/v2\/categories?post=15211"},{"taxonomy":"post_tag","embeddable":true,"href":"https:\/\/elconquistadorredloslagos.cl\/test\/wp-json\/wp\/v2\/tags?post=15211"}],"curies":[{"name":"wp","href":"https:\/\/api.w.org\/{rel}","templated":true}]}}