{"id":15204,"date":"2025-10-21T13:45:58","date_gmt":"2025-10-21T16:45:58","guid":{"rendered":"https:\/\/elconquistadorredloslagos.cl\/test\/?p=15204"},"modified":"2025-10-21T13:45:59","modified_gmt":"2025-10-21T16:45:59","slug":"rechazan-denuncia-que-buscaba-inhabilitar-al-alcalde-de-calbuco","status":"publish","type":"post","link":"https:\/\/elconquistadorredloslagos.cl\/test\/blog\/2025\/10\/21\/rechazan-denuncia-que-buscaba-inhabilitar-al-alcalde-de-calbuco\/","title":{"rendered":"Rechazan denuncia que buscaba inhabilitar al alcalde de Calbuco"},"content":{"rendered":"\n<p>El declar\u00f3 inadmisible la denuncia presentada en contra del alcalde de Calbuco, Marco Silva, descartando cualquier intento por cuestionar su elecci\u00f3n.<\/p>\n\n\n\n<p>La resoluci\u00f3n, dictada bajo el Rol N\u00b0 87-2025, fue emitida por el ministro Jaime Meza S\u00e1ez, presidente titular del tribunal, junto a las abogadas integrantes Teresa Mora y Margarita Campillay. El fallo rechaza la presentaci\u00f3n interpuesta por el abogado Mauricio Barr\u00eda \u00c1guila, en representaci\u00f3n de Juan Francisco Calbucoy Guerrero, quien solicitaba la inhabilidad del jefe comunal.<\/p>\n\n\n\n<p>El documento reafirma que la sentencia que proclam\u00f3 a Marco Silva como alcalde se encuentra ejecutoriada y plenamente vigente, sin que existan fundamentos legales ni antecedentes que permitan abrir un nuevo proceso.<\/p>\n\n\n\n<p>De acuerdo con lo resuelto, el tribunal sostuvo que no se acreditaron hechos ni causales que configuren una eventual inhabilidad conforme a lo establecido en la Ley N\u00b0 18.695 y otras normas electorales, por lo que se ratifica la legitimidad del proceso y la validez del cargo.<\/p>\n\n\n\n<p>Con esta decisi\u00f3n, el Tribunal Electoral pone t\u00e9rmino a la acci\u00f3n presentada y respalda la voluntad popular expresada en las urnas, reafirmando la transparencia del proceso democr\u00e1tico desarrollado en la comuna de Calbuco.<\/p>\n\n\n\n<p>\ud83d\udcf7 Referencial<\/p>\n","protected":false},"excerpt":{"rendered":"<p>El declar\u00f3 inadmisible la denuncia presentada en contra del alcalde de Calbuco, Marco Silva, descartando cualquier intento por cuestionar su elecci\u00f3n. La resoluci\u00f3n, dictada bajo el Rol N\u00b0 87-2025, fue..<\/p>\n","protected":false},"author":2,"featured_media":15205,"comment_status":"closed","ping_status":"open","sticky":false,"template":"","format":"standard","meta":{"footnotes":""},"categories":[1,28,38,56],"tags":[],"class_list":["post-15204","post","type-post","status-publish","format-standard","has-post-thumbnail","hentry","category-acontecer","category-actual","category-politica","category-puerto-montt"],"rttpg_featured_image_url":{"full":["https:\/\/elconquistadorredloslagos.cl\/test\/wp-content\/uploads\/2025\/10\/img.png",1920,1080,false],"landscape":["https:\/\/elconquistadorredloslagos.cl\/test\/wp-content\/uploads\/2025\/10\/img.png",1920,1080,false],"portraits":["https:\/\/elconquistadorredloslagos.cl\/test\/wp-content\/uploads\/2025\/10\/img.png",1920,1080,false],"thumbnail":["https:\/\/elconquistadorredloslagos.cl\/test\/wp-content\/uploads\/2025\/10\/img-150x150.png",150,150,true],"medium":["https:\/\/elconquistadorredloslagos.cl\/test\/wp-content\/uploads\/2025\/10\/img-300x169.png",300,169,true],"large":["https:\/\/elconquistadorredloslagos.cl\/test\/wp-content\/uploads\/2025\/10\/img-1024x576.png",1024,576,true],"1536x1536":["https:\/\/elconquistadorredloslagos.cl\/test\/wp-content\/uploads\/2025\/10\/img-1536x864.png",1536,864,true],"2048x2048":["https:\/\/elconquistadorredloslagos.cl\/test\/wp-content\/uploads\/2025\/10\/img.png",1920,1080,false]},"rttpg_author":{"display_name":"ccardenas","author_link":"https:\/\/elconquistadorredloslagos.cl\/test\/blog\/author\/ccardenas\/"},"rttpg_comment":0,"rttpg_category":"<a href=\"https:\/\/elconquistadorredloslagos.cl\/test\/blog\/category\/actual\/acontecer\/\" rel=\"category tag\">Acontecer<\/a> <a href=\"https:\/\/elconquistadorredloslagos.cl\/test\/blog\/category\/actual\/\" rel=\"category tag\">Actualidad<\/a> <a href=\"https:\/\/elconquistadorredloslagos.cl\/test\/blog\/category\/actual\/politica\/\" rel=\"category tag\">Politica<\/a> <a href=\"https:\/\/elconquistadorredloslagos.cl\/test\/blog\/category\/chile\/puerto-montt\/\" rel=\"category tag\">Puerto Montt<\/a>","rttpg_excerpt":"El declar\u00f3 inadmisible la denuncia presentada en contra del alcalde de Calbuco, Marco Silva, descartando cualquier intento por cuestionar su elecci\u00f3n. La resoluci\u00f3n, dictada bajo el Rol N\u00b0 87-2025, fue..","_links":{"self":[{"href":"https:\/\/elconquistadorredloslagos.cl\/test\/wp-json\/wp\/v2\/posts\/15204","targetHints":{"allow":["GET"]}}],"collection":[{"href":"https:\/\/elconquistadorredloslagos.cl\/test\/wp-json\/wp\/v2\/posts"}],"about":[{"href":"https:\/\/elconquistadorredloslagos.cl\/test\/wp-json\/wp\/v2\/types\/post"}],"author":[{"embeddable":true,"href":"https:\/\/elconquistadorredloslagos.cl\/test\/wp-json\/wp\/v2\/users\/2"}],"replies":[{"embeddable":true,"href":"https:\/\/elconquistadorredloslagos.cl\/test\/wp-json\/wp\/v2\/comments?post=15204"}],"version-history":[{"count":1,"href":"https:\/\/elconquistadorredloslagos.cl\/test\/wp-json\/wp\/v2\/posts\/15204\/revisions"}],"predecessor-version":[{"id":15206,"href":"https:\/\/elconquistadorredloslagos.cl\/test\/wp-json\/wp\/v2\/posts\/15204\/revisions\/15206"}],"wp:featuredmedia":[{"embeddable":true,"href":"https:\/\/elconquistadorredloslagos.cl\/test\/wp-json\/wp\/v2\/media\/15205"}],"wp:attachment":[{"href":"https:\/\/elconquistadorredloslagos.cl\/test\/wp-json\/wp\/v2\/media?parent=15204"}],"wp:term":[{"taxonomy":"category","embeddable":true,"href":"https:\/\/elconquistadorredloslagos.cl\/test\/wp-json\/wp\/v2\/categories?post=15204"},{"taxonomy":"post_tag","embeddable":true,"href":"https:\/\/elconquistadorredloslagos.cl\/test\/wp-json\/wp\/v2\/tags?post=15204"}],"curies":[{"name":"wp","href":"https:\/\/api.w.org\/{rel}","templated":true}]}}