{"id":15198,"date":"2025-10-21T13:34:35","date_gmt":"2025-10-21T16:34:35","guid":{"rendered":"https:\/\/elconquistadorredloslagos.cl\/test\/?p=15198"},"modified":"2025-10-21T13:34:35","modified_gmt":"2025-10-21T16:34:35","slug":"investigan-incendio-en-motonave-salmonera-que-movilizo-a-bomberos-y-armada-en-puerto-montt","status":"publish","type":"post","link":"https:\/\/elconquistadorredloslagos.cl\/test\/blog\/2025\/10\/21\/investigan-incendio-en-motonave-salmonera-que-movilizo-a-bomberos-y-armada-en-puerto-montt\/","title":{"rendered":"Investigan incendio en motonave salmonera que moviliz\u00f3 a Bomberos y Armada en Puerto Montt"},"content":{"rendered":"\n<p>Una emergencia mar\u00edtima se registr\u00f3 en el sector de Chaicas, comuna de Puerto Montt, luego que una motonave que prestaba servicios a la industria salmonicultora sufriera un incendio mientras se encontraba en navegaci\u00f3n.<\/p>\n\n\n\n<p>Cinco tripulantes iban a bordo al momento del siniestro, quienes lograron ser evacuados gracias a la r\u00e1pida acci\u00f3n de unidades de la Armada y del Cuerpo de Bomberos de la capital regional. Los equipos de emergencia se desplazaron hasta la Capitan\u00eda de Puerto en Angelm\u00f3, desde donde zarparon en embarcaciones de rescate para asistir a los afectados.<\/p>\n\n\n\n<p>La teniente primero de la Armada y capit\u00e1n de Puerto (S), Mar\u00eda Jos\u00e9 Matzner, inform\u00f3 que la coordinaci\u00f3n entre las instituciones permiti\u00f3 controlar la situaci\u00f3n y evitar consecuencias mayores. <\/p>\n\n\n\n<figure class=\"wp-block-audio\"><audio controls src=\"https:\/\/elconquistadorredloslagos.cl\/test\/wp-content\/uploads\/2025\/10\/CAPUERTO-PUERTO-MONTT.mp3\"><\/audio><\/figure>\n\n\n\n<p>En tanto, el gobernador mar\u00edtimo de Puerto Montt, Mario Besoa\u00edn, confirm\u00f3 que la nave siniestrada pertenece a la empresa Granja Marina Tornagaleones.<\/p>\n\n\n\n<figure class=\"wp-block-audio\"><audio controls src=\"https:\/\/elconquistadorredloslagos.cl\/test\/wp-content\/uploads\/2025\/10\/GOB-MARITIMO-PUERTO-MONTT.mp3\"><\/audio><\/figure>\n\n\n\n<p>Por su parte, el director regional del Trabajo, Claudio Salas, se\u00f1al\u00f3 que si bien ninguno de los tripulantes result\u00f3 con lesiones, se realizar\u00e1 una inspecci\u00f3n para verificar el cumplimiento de las condiciones laborales y de seguridad de los trabajadores.<\/p>\n\n\n\n<figure class=\"wp-block-audio\"><audio controls src=\"https:\/\/elconquistadorredloslagos.cl\/test\/wp-content\/uploads\/2025\/10\/DIRECCION-DEL-TRABAJO.mp3\"><\/audio><\/figure>\n\n\n\n<p>Las causas del incendio ser\u00e1n investigadas por la autoridad mar\u00edtima para determinar el origen del siniestro y eventuales responsabilidades.<\/p>\n\n\n\n<p>\ud83d\udcf7 Cedida<\/p>\n","protected":false},"excerpt":{"rendered":"<p>Una emergencia mar\u00edtima se registr\u00f3 en el sector de Chaicas, comuna de Puerto Montt, luego que una motonave que prestaba servicios a la industria salmonicultora sufriera un incendio mientras se..<\/p>\n","protected":false},"author":2,"featured_media":15202,"comment_status":"closed","ping_status":"open","sticky":false,"template":"","format":"standard","meta":{"footnotes":""},"categories":[1,28,56],"tags":[],"class_list":["post-15198","post","type-post","status-publish","format-standard","has-post-thumbnail","hentry","category-acontecer","category-actual","category-puerto-montt"],"rttpg_featured_image_url":{"full":["https:\/\/elconquistadorredloslagos.cl\/test\/wp-content\/uploads\/2025\/10\/img-63.jpg",1920,1080,false],"landscape":["https:\/\/elconquistadorredloslagos.cl\/test\/wp-content\/uploads\/2025\/10\/img-63.jpg",1920,1080,false],"portraits":["https:\/\/elconquistadorredloslagos.cl\/test\/wp-content\/uploads\/2025\/10\/img-63.jpg",1920,1080,false],"thumbnail":["https:\/\/elconquistadorredloslagos.cl\/test\/wp-content\/uploads\/2025\/10\/img-63-150x150.jpg",150,150,true],"medium":["https:\/\/elconquistadorredloslagos.cl\/test\/wp-content\/uploads\/2025\/10\/img-63-300x169.jpg",300,169,true],"large":["https:\/\/elconquistadorredloslagos.cl\/test\/wp-content\/uploads\/2025\/10\/img-63-1024x576.jpg",1024,576,true],"1536x1536":["https:\/\/elconquistadorredloslagos.cl\/test\/wp-content\/uploads\/2025\/10\/img-63-1536x864.jpg",1536,864,true],"2048x2048":["https:\/\/elconquistadorredloslagos.cl\/test\/wp-content\/uploads\/2025\/10\/img-63.jpg",1920,1080,false]},"rttpg_author":{"display_name":"ccardenas","author_link":"https:\/\/elconquistadorredloslagos.cl\/test\/blog\/author\/ccardenas\/"},"rttpg_comment":0,"rttpg_category":"<a href=\"https:\/\/elconquistadorredloslagos.cl\/test\/blog\/category\/actual\/acontecer\/\" rel=\"category tag\">Acontecer<\/a> <a href=\"https:\/\/elconquistadorredloslagos.cl\/test\/blog\/category\/actual\/\" rel=\"category tag\">Actualidad<\/a> <a href=\"https:\/\/elconquistadorredloslagos.cl\/test\/blog\/category\/chile\/puerto-montt\/\" rel=\"category tag\">Puerto Montt<\/a>","rttpg_excerpt":"Una emergencia mar\u00edtima se registr\u00f3 en el sector de Chaicas, comuna de Puerto Montt, luego que una motonave que prestaba servicios a la industria salmonicultora sufriera un incendio mientras se..","_links":{"self":[{"href":"https:\/\/elconquistadorredloslagos.cl\/test\/wp-json\/wp\/v2\/posts\/15198","targetHints":{"allow":["GET"]}}],"collection":[{"href":"https:\/\/elconquistadorredloslagos.cl\/test\/wp-json\/wp\/v2\/posts"}],"about":[{"href":"https:\/\/elconquistadorredloslagos.cl\/test\/wp-json\/wp\/v2\/types\/post"}],"author":[{"embeddable":true,"href":"https:\/\/elconquistadorredloslagos.cl\/test\/wp-json\/wp\/v2\/users\/2"}],"replies":[{"embeddable":true,"href":"https:\/\/elconquistadorredloslagos.cl\/test\/wp-json\/wp\/v2\/comments?post=15198"}],"version-history":[{"count":1,"href":"https:\/\/elconquistadorredloslagos.cl\/test\/wp-json\/wp\/v2\/posts\/15198\/revisions"}],"predecessor-version":[{"id":15203,"href":"https:\/\/elconquistadorredloslagos.cl\/test\/wp-json\/wp\/v2\/posts\/15198\/revisions\/15203"}],"wp:featuredmedia":[{"embeddable":true,"href":"https:\/\/elconquistadorredloslagos.cl\/test\/wp-json\/wp\/v2\/media\/15202"}],"wp:attachment":[{"href":"https:\/\/elconquistadorredloslagos.cl\/test\/wp-json\/wp\/v2\/media?parent=15198"}],"wp:term":[{"taxonomy":"category","embeddable":true,"href":"https:\/\/elconquistadorredloslagos.cl\/test\/wp-json\/wp\/v2\/categories?post=15198"},{"taxonomy":"post_tag","embeddable":true,"href":"https:\/\/elconquistadorredloslagos.cl\/test\/wp-json\/wp\/v2\/tags?post=15198"}],"curies":[{"name":"wp","href":"https:\/\/api.w.org\/{rel}","templated":true}]}}