{"id":15192,"date":"2025-10-21T11:31:39","date_gmt":"2025-10-21T14:31:39","guid":{"rendered":"https:\/\/elconquistadorredloslagos.cl\/test\/?p=15192"},"modified":"2025-10-21T12:34:27","modified_gmt":"2025-10-21T15:34:27","slug":"tribunal-electoral-declaro-inadmisible-recurso-contra-alcalde-de-calbuco","status":"publish","type":"post","link":"https:\/\/elconquistadorredloslagos.cl\/test\/blog\/2025\/10\/21\/tribunal-electoral-declaro-inadmisible-recurso-contra-alcalde-de-calbuco\/","title":{"rendered":"Tribunal Electoral declar\u00f3 inadmisible recurso contra alcalde de Calbuco"},"content":{"rendered":"\n<p>El <strong>Tribunal Electoral Regional (TER) de Los Lagos<\/strong>, con sede en Puerto Montt, <strong>declar\u00f3 inadmisible<\/strong> la presentaci\u00f3n interpuesta por el abogado <strong>Mauricio Barr\u00eda \u00c1guila<\/strong>, en representaci\u00f3n del ex alcalde <strong>Juan Francisco Calbucoy Guerrero<\/strong>, que buscaba la <strong>inhabilidad del actual jefe comunal de Calbuco, Marco Andr\u00e9s Silva Maldonado<\/strong>.<\/p>\n\n\n\n<p>El fallo \u2014firmado por el presidente titular del TER, ministro <strong>Jaime Vicente Meza S\u00e1ez<\/strong>, y las abogadas integrantes <strong>Teresa Mora Torres<\/strong> y <strong>Margarita Isabel Campillay Caro<\/strong>\u2014 reafirm\u00f3 que la <strong>sentencia que proclam\u00f3 a Silva como alcalde se encuentra ejecutoriada y plenamente vigente<\/strong>, descartando cualquier intento de impugnaci\u00f3n o invalidaci\u00f3n.<\/p>\n\n\n\n<p>Seg\u00fan la resoluci\u00f3n, <strong>no existen fundamentos legales ni hechos acreditados<\/strong> que permitan pronunciarse sobre una eventual inhabilidad, conforme a lo establecido en la <strong>Ley N\u00b0 18.695<\/strong> y otras normas electorales aplicables. El tribunal destac\u00f3 que el proceso electoral se desarroll\u00f3 de manera leg\u00edtima y que el cargo de alcalde de Calbuco <strong>mantiene plena validez<\/strong>.<\/p>\n\n\n\n<blockquote class=\"wp-block-quote is-layout-flow wp-block-quote-is-layout-flow\">\n<p>\u201cSe declara inadmisible la presentaci\u00f3n&#8230; encontr\u00e1ndose ejecutoriada la sentencia que proclam\u00f3 a don Marco Andr\u00e9s Silva Maldonado como alcalde de la comuna de Calbuco\u201d, se\u00f1ala el documento oficial.<\/p>\n\n\n\n<p>En tanto el Alcalde Marcos Silva declar\u00f3 que \u00abse intent\u00f3 atacar el poder p\u00fablico\u00bb y destac\u00f3 los votos de diferencia con su competidor.<\/p>\n\n\n\n<figure class=\"wp-block-audio\"><audio controls src=\"https:\/\/elconquistadorredloslagos.cl\/test\/wp-content\/uploads\/2025\/10\/alcalde-Calbuco.mp3\"><\/audio><\/figure>\n\n\n\n<p><\/p>\n<\/blockquote>\n\n\n\n<p>La resoluci\u00f3n, notificada este lunes, <strong>pone t\u00e9rmino al recurso presentado por Calbucoy<\/strong>, ratificando el resultado de las elecciones municipales y la <strong>continuidad de la administraci\u00f3n encabezada por Silva Maldonado<\/strong>.<\/p>\n","protected":false},"excerpt":{"rendered":"<p>El Tribunal Electoral Regional (TER) de Los Lagos, con sede en Puerto Montt, declar\u00f3 inadmisible la presentaci\u00f3n interpuesta por el abogado Mauricio Barr\u00eda \u00c1guila, en representaci\u00f3n del ex alcalde Juan..<\/p>\n","protected":false},"author":7,"featured_media":15193,"comment_status":"closed","ping_status":"open","sticky":false,"template":"","format":"standard","meta":{"footnotes":""},"categories":[28,60,38],"tags":[],"class_list":["post-15192","post","type-post","status-publish","format-standard","has-post-thumbnail","hentry","category-actual","category-calbuco","category-politica"],"rttpg_featured_image_url":{"full":["https:\/\/elconquistadorredloslagos.cl\/test\/wp-content\/uploads\/2025\/10\/muni-calbuco.png",1920,1080,false],"landscape":["https:\/\/elconquistadorredloslagos.cl\/test\/wp-content\/uploads\/2025\/10\/muni-calbuco.png",1920,1080,false],"portraits":["https:\/\/elconquistadorredloslagos.cl\/test\/wp-content\/uploads\/2025\/10\/muni-calbuco.png",1920,1080,false],"thumbnail":["https:\/\/elconquistadorredloslagos.cl\/test\/wp-content\/uploads\/2025\/10\/muni-calbuco-150x150.png",150,150,true],"medium":["https:\/\/elconquistadorredloslagos.cl\/test\/wp-content\/uploads\/2025\/10\/muni-calbuco-300x169.png",300,169,true],"large":["https:\/\/elconquistadorredloslagos.cl\/test\/wp-content\/uploads\/2025\/10\/muni-calbuco-1024x576.png",1024,576,true],"1536x1536":["https:\/\/elconquistadorredloslagos.cl\/test\/wp-content\/uploads\/2025\/10\/muni-calbuco-1536x864.png",1536,864,true],"2048x2048":["https:\/\/elconquistadorredloslagos.cl\/test\/wp-content\/uploads\/2025\/10\/muni-calbuco.png",1920,1080,false]},"rttpg_author":{"display_name":"enzodelahoz1988","author_link":"https:\/\/elconquistadorredloslagos.cl\/test\/blog\/author\/enzodelahoz1988\/"},"rttpg_comment":0,"rttpg_category":"<a href=\"https:\/\/elconquistadorredloslagos.cl\/test\/blog\/category\/actual\/\" rel=\"category tag\">Actualidad<\/a> <a href=\"https:\/\/elconquistadorredloslagos.cl\/test\/blog\/category\/calbuco\/\" rel=\"category tag\">Calbuco<\/a> <a href=\"https:\/\/elconquistadorredloslagos.cl\/test\/blog\/category\/actual\/politica\/\" rel=\"category tag\">Politica<\/a>","rttpg_excerpt":"El Tribunal Electoral Regional (TER) de Los Lagos, con sede en Puerto Montt, declar\u00f3 inadmisible la presentaci\u00f3n interpuesta por el abogado Mauricio Barr\u00eda \u00c1guila, en representaci\u00f3n del ex alcalde Juan..","_links":{"self":[{"href":"https:\/\/elconquistadorredloslagos.cl\/test\/wp-json\/wp\/v2\/posts\/15192","targetHints":{"allow":["GET"]}}],"collection":[{"href":"https:\/\/elconquistadorredloslagos.cl\/test\/wp-json\/wp\/v2\/posts"}],"about":[{"href":"https:\/\/elconquistadorredloslagos.cl\/test\/wp-json\/wp\/v2\/types\/post"}],"author":[{"embeddable":true,"href":"https:\/\/elconquistadorredloslagos.cl\/test\/wp-json\/wp\/v2\/users\/7"}],"replies":[{"embeddable":true,"href":"https:\/\/elconquistadorredloslagos.cl\/test\/wp-json\/wp\/v2\/comments?post=15192"}],"version-history":[{"count":2,"href":"https:\/\/elconquistadorredloslagos.cl\/test\/wp-json\/wp\/v2\/posts\/15192\/revisions"}],"predecessor-version":[{"id":15197,"href":"https:\/\/elconquistadorredloslagos.cl\/test\/wp-json\/wp\/v2\/posts\/15192\/revisions\/15197"}],"wp:featuredmedia":[{"embeddable":true,"href":"https:\/\/elconquistadorredloslagos.cl\/test\/wp-json\/wp\/v2\/media\/15193"}],"wp:attachment":[{"href":"https:\/\/elconquistadorredloslagos.cl\/test\/wp-json\/wp\/v2\/media?parent=15192"}],"wp:term":[{"taxonomy":"category","embeddable":true,"href":"https:\/\/elconquistadorredloslagos.cl\/test\/wp-json\/wp\/v2\/categories?post=15192"},{"taxonomy":"post_tag","embeddable":true,"href":"https:\/\/elconquistadorredloslagos.cl\/test\/wp-json\/wp\/v2\/tags?post=15192"}],"curies":[{"name":"wp","href":"https:\/\/api.w.org\/{rel}","templated":true}]}}