{"id":15186,"date":"2025-10-21T10:44:18","date_gmt":"2025-10-21T13:44:18","guid":{"rendered":"https:\/\/elconquistadorredloslagos.cl\/test\/?p=15186"},"modified":"2025-10-21T10:45:02","modified_gmt":"2025-10-21T13:45:02","slug":"15186","status":"publish","type":"post","link":"https:\/\/elconquistadorredloslagos.cl\/test\/blog\/2025\/10\/21\/15186\/","title":{"rendered":"Senador Espinoza denuncia aumento de robos en sectores costeros de Calbuco"},"content":{"rendered":"\n<h5 class=\"wp-block-heading\"><strong>Fidel Espinoza <\/strong>denunci\u00f3 un <strong>aumento en los robos de equipamientos pesqueros<\/strong> en diversos sectores costeros de <strong>Calbuco<\/strong>, situaci\u00f3n que afecta principalmente a familias de zonas como <strong>Colaco y El Dao<\/strong>.<\/h5>\n\n\n\n<p>El parlamentario se reuni\u00f3 con la <strong>fiscal regional Carmen Gloria Wittwer<\/strong>, acompa\u00f1ado de dos de los afectados, para exponer los hechos y solicitar mayor atenci\u00f3n del <strong>Ministerio P\u00fablico<\/strong> ante lo que calific\u00f3 como una acci\u00f3n de una \u201c<strong>banda organizada<\/strong>\u201d que estar\u00eda operando en el \u00e1rea.<\/p>\n\n\n\n<p>\u201cHan sido decenas las familias de Calbuco que se han visto afectadas por una banda que est\u00e1 causando tremendos da\u00f1os econ\u00f3micos a quienes viven de sus botes, motores o equipos de buceo. En las \u00faltimas horas se han robado una cantidad importante de motores, en botes que llegan en la madrugada a cometer estos delitos\u201d, explic\u00f3 Espinoza.<\/p>\n\n\n\n<p>El senador a\u00f1adi\u00f3 que solicit\u00f3 a la fiscal regional, junto al fiscal de Calbuco, <strong>Marcelo Maldonado<\/strong>, \u201cdarle importancia y atenci\u00f3n a esto, porque es una situaci\u00f3n que est\u00e1 generando un desmedro grav\u00edsimo a las familias calbucanas\u201d.<\/p>\n\n\n\n<p>Por su parte, <strong>Luis Otey<\/strong>, uno de los afectados, relat\u00f3 que \u201cen Calbuco el robo de estas especies est\u00e1 desbordado, todas las semanas ocurren. Le ha pasado a demasiadas personas dentro de la comuna, a personas que no tienen los recursos. Me contact\u00e9 con el senador Fidel Espinoza y \u00e9l est\u00e1 haciendo sus gestiones tambi\u00e9n. Estamos infinitamente agradecidos, y ojal\u00e1 que por medio de esto se pueda hacer algo\u201d.<\/p>\n","protected":false},"excerpt":{"rendered":"<p>Fidel Espinoza denunci\u00f3 un aumento en los robos de equipamientos pesqueros en diversos sectores costeros de Calbuco, situaci\u00f3n que afecta principalmente a familias de zonas como Colaco y El Dao&#8230;<\/p>\n","protected":false},"author":7,"featured_media":14277,"comment_status":"closed","ping_status":"open","sticky":false,"template":"","format":"standard","meta":{"footnotes":""},"categories":[1,28,60],"tags":[],"class_list":["post-15186","post","type-post","status-publish","format-standard","has-post-thumbnail","hentry","category-acontecer","category-actual","category-calbuco"],"rttpg_featured_image_url":{"full":["https:\/\/elconquistadorredloslagos.cl\/test\/wp-content\/uploads\/2025\/09\/fidel-espinoza-reloncavi.png",1920,1080,false],"landscape":["https:\/\/elconquistadorredloslagos.cl\/test\/wp-content\/uploads\/2025\/09\/fidel-espinoza-reloncavi.png",1920,1080,false],"portraits":["https:\/\/elconquistadorredloslagos.cl\/test\/wp-content\/uploads\/2025\/09\/fidel-espinoza-reloncavi.png",1920,1080,false],"thumbnail":["https:\/\/elconquistadorredloslagos.cl\/test\/wp-content\/uploads\/2025\/09\/fidel-espinoza-reloncavi-150x150.png",150,150,true],"medium":["https:\/\/elconquistadorredloslagos.cl\/test\/wp-content\/uploads\/2025\/09\/fidel-espinoza-reloncavi-300x169.png",300,169,true],"large":["https:\/\/elconquistadorredloslagos.cl\/test\/wp-content\/uploads\/2025\/09\/fidel-espinoza-reloncavi-1024x576.png",1024,576,true],"1536x1536":["https:\/\/elconquistadorredloslagos.cl\/test\/wp-content\/uploads\/2025\/09\/fidel-espinoza-reloncavi-1536x864.png",1536,864,true],"2048x2048":["https:\/\/elconquistadorredloslagos.cl\/test\/wp-content\/uploads\/2025\/09\/fidel-espinoza-reloncavi.png",1920,1080,false]},"rttpg_author":{"display_name":"enzodelahoz1988","author_link":"https:\/\/elconquistadorredloslagos.cl\/test\/blog\/author\/enzodelahoz1988\/"},"rttpg_comment":0,"rttpg_category":"<a href=\"https:\/\/elconquistadorredloslagos.cl\/test\/blog\/category\/actual\/acontecer\/\" rel=\"category tag\">Acontecer<\/a> <a href=\"https:\/\/elconquistadorredloslagos.cl\/test\/blog\/category\/actual\/\" rel=\"category tag\">Actualidad<\/a> <a href=\"https:\/\/elconquistadorredloslagos.cl\/test\/blog\/category\/calbuco\/\" rel=\"category tag\">Calbuco<\/a>","rttpg_excerpt":"Fidel Espinoza denunci\u00f3 un aumento en los robos de equipamientos pesqueros en diversos sectores costeros de Calbuco, situaci\u00f3n que afecta principalmente a familias de zonas como Colaco y El Dao...","_links":{"self":[{"href":"https:\/\/elconquistadorredloslagos.cl\/test\/wp-json\/wp\/v2\/posts\/15186","targetHints":{"allow":["GET"]}}],"collection":[{"href":"https:\/\/elconquistadorredloslagos.cl\/test\/wp-json\/wp\/v2\/posts"}],"about":[{"href":"https:\/\/elconquistadorredloslagos.cl\/test\/wp-json\/wp\/v2\/types\/post"}],"author":[{"embeddable":true,"href":"https:\/\/elconquistadorredloslagos.cl\/test\/wp-json\/wp\/v2\/users\/7"}],"replies":[{"embeddable":true,"href":"https:\/\/elconquistadorredloslagos.cl\/test\/wp-json\/wp\/v2\/comments?post=15186"}],"version-history":[{"count":2,"href":"https:\/\/elconquistadorredloslagos.cl\/test\/wp-json\/wp\/v2\/posts\/15186\/revisions"}],"predecessor-version":[{"id":15188,"href":"https:\/\/elconquistadorredloslagos.cl\/test\/wp-json\/wp\/v2\/posts\/15186\/revisions\/15188"}],"wp:featuredmedia":[{"embeddable":true,"href":"https:\/\/elconquistadorredloslagos.cl\/test\/wp-json\/wp\/v2\/media\/14277"}],"wp:attachment":[{"href":"https:\/\/elconquistadorredloslagos.cl\/test\/wp-json\/wp\/v2\/media?parent=15186"}],"wp:term":[{"taxonomy":"category","embeddable":true,"href":"https:\/\/elconquistadorredloslagos.cl\/test\/wp-json\/wp\/v2\/categories?post=15186"},{"taxonomy":"post_tag","embeddable":true,"href":"https:\/\/elconquistadorredloslagos.cl\/test\/wp-json\/wp\/v2\/tags?post=15186"}],"curies":[{"name":"wp","href":"https:\/\/api.w.org\/{rel}","templated":true}]}}