{"id":15183,"date":"2025-10-20T16:53:30","date_gmt":"2025-10-20T19:53:30","guid":{"rendered":"https:\/\/elconquistadorredloslagos.cl\/test\/?p=15183"},"modified":"2025-10-20T16:53:31","modified_gmt":"2025-10-20T19:53:31","slug":"nuevo-hospital-de-ancud-alcanza-casi-su-finalizacion-y-avanza-en-habilitacion","status":"publish","type":"post","link":"https:\/\/elconquistadorredloslagos.cl\/test\/blog\/2025\/10\/20\/nuevo-hospital-de-ancud-alcanza-casi-su-finalizacion-y-avanza-en-habilitacion\/","title":{"rendered":"Nuevo Hospital de Ancud alcanza casi su finalizaci\u00f3n y avanza en habilitaci\u00f3n"},"content":{"rendered":"\n<p>El nuevo Hospital de Ancud se acerca a su puesta en marcha, con un 99,8% de avance en obras complementarias, seg\u00fan inform\u00f3 la directora del Servicio de Salud Chilo\u00e9, Marcela C\u00e1rcamo. La infraestructura principal del recinto, ubicado en Alto de Caracoles, ya se encuentra finalizada y actualmente se realizan trabajos de habilitaci\u00f3n para su funcionamiento.<\/p>\n\n\n\n<p>El proyecto, que se ejecuta bajo contrato de obras civiles vigente hasta enero de 2026, busca fortalecer la capacidad resolutiva del sistema p\u00fablico de salud en el norte de Chilo\u00e9. Recientemente se efectu\u00f3 una reuni\u00f3n de seguimiento para revisar el progreso de las obras.<\/p>\n\n\n\n<p>Paralelamente, el nuevo Hospital de Queilen fue entregado por la constructora al Servicio de Salud Chilo\u00e9 y se encuentra en etapa de habilitaci\u00f3n final, con instalaci\u00f3n de equipamiento cl\u00ednico y tecnol\u00f3gico.<\/p>\n\n\n\n<p>En Quell\u00f3n, el hospital opera por etapas: la primera fase contempla atenci\u00f3n ambulatoria, laboratorio y farmacia, mientras que la segunda habilit\u00f3 servicios de di\u00e1lisis, esterilizaci\u00f3n, odontolog\u00eda y rehabilitaci\u00f3n. Solo resta completar mejoras en el sistema de climatizaci\u00f3n.<\/p>\n","protected":false},"excerpt":{"rendered":"<p>El nuevo Hospital de Ancud se acerca a su puesta en marcha, con un 99,8% de avance en obras complementarias, seg\u00fan inform\u00f3 la directora del Servicio de Salud Chilo\u00e9, Marcela..<\/p>\n","protected":false},"author":2,"featured_media":15184,"comment_status":"closed","ping_status":"open","sticky":false,"template":"","format":"standard","meta":{"footnotes":""},"categories":[1,28,51],"tags":[],"class_list":["post-15183","post","type-post","status-publish","format-standard","has-post-thumbnail","hentry","category-acontecer","category-actual","category-chiloe"],"rttpg_featured_image_url":{"full":["https:\/\/elconquistadorredloslagos.cl\/test\/wp-content\/uploads\/2025\/10\/img-62.jpg",1920,1080,false],"landscape":["https:\/\/elconquistadorredloslagos.cl\/test\/wp-content\/uploads\/2025\/10\/img-62.jpg",1920,1080,false],"portraits":["https:\/\/elconquistadorredloslagos.cl\/test\/wp-content\/uploads\/2025\/10\/img-62.jpg",1920,1080,false],"thumbnail":["https:\/\/elconquistadorredloslagos.cl\/test\/wp-content\/uploads\/2025\/10\/img-62-150x150.jpg",150,150,true],"medium":["https:\/\/elconquistadorredloslagos.cl\/test\/wp-content\/uploads\/2025\/10\/img-62-300x169.jpg",300,169,true],"large":["https:\/\/elconquistadorredloslagos.cl\/test\/wp-content\/uploads\/2025\/10\/img-62-1024x576.jpg",1024,576,true],"1536x1536":["https:\/\/elconquistadorredloslagos.cl\/test\/wp-content\/uploads\/2025\/10\/img-62-1536x864.jpg",1536,864,true],"2048x2048":["https:\/\/elconquistadorredloslagos.cl\/test\/wp-content\/uploads\/2025\/10\/img-62.jpg",1920,1080,false]},"rttpg_author":{"display_name":"ccardenas","author_link":"https:\/\/elconquistadorredloslagos.cl\/test\/blog\/author\/ccardenas\/"},"rttpg_comment":0,"rttpg_category":"<a href=\"https:\/\/elconquistadorredloslagos.cl\/test\/blog\/category\/actual\/acontecer\/\" rel=\"category tag\">Acontecer<\/a> <a href=\"https:\/\/elconquistadorredloslagos.cl\/test\/blog\/category\/actual\/\" rel=\"category tag\">Actualidad<\/a> <a href=\"https:\/\/elconquistadorredloslagos.cl\/test\/blog\/category\/chile\/chiloe\/\" rel=\"category tag\">Chilo\u00e9<\/a>","rttpg_excerpt":"El nuevo Hospital de Ancud se acerca a su puesta en marcha, con un 99,8% de avance en obras complementarias, seg\u00fan inform\u00f3 la directora del Servicio de Salud Chilo\u00e9, Marcela..","_links":{"self":[{"href":"https:\/\/elconquistadorredloslagos.cl\/test\/wp-json\/wp\/v2\/posts\/15183","targetHints":{"allow":["GET"]}}],"collection":[{"href":"https:\/\/elconquistadorredloslagos.cl\/test\/wp-json\/wp\/v2\/posts"}],"about":[{"href":"https:\/\/elconquistadorredloslagos.cl\/test\/wp-json\/wp\/v2\/types\/post"}],"author":[{"embeddable":true,"href":"https:\/\/elconquistadorredloslagos.cl\/test\/wp-json\/wp\/v2\/users\/2"}],"replies":[{"embeddable":true,"href":"https:\/\/elconquistadorredloslagos.cl\/test\/wp-json\/wp\/v2\/comments?post=15183"}],"version-history":[{"count":1,"href":"https:\/\/elconquistadorredloslagos.cl\/test\/wp-json\/wp\/v2\/posts\/15183\/revisions"}],"predecessor-version":[{"id":15185,"href":"https:\/\/elconquistadorredloslagos.cl\/test\/wp-json\/wp\/v2\/posts\/15183\/revisions\/15185"}],"wp:featuredmedia":[{"embeddable":true,"href":"https:\/\/elconquistadorredloslagos.cl\/test\/wp-json\/wp\/v2\/media\/15184"}],"wp:attachment":[{"href":"https:\/\/elconquistadorredloslagos.cl\/test\/wp-json\/wp\/v2\/media?parent=15183"}],"wp:term":[{"taxonomy":"category","embeddable":true,"href":"https:\/\/elconquistadorredloslagos.cl\/test\/wp-json\/wp\/v2\/categories?post=15183"},{"taxonomy":"post_tag","embeddable":true,"href":"https:\/\/elconquistadorredloslagos.cl\/test\/wp-json\/wp\/v2\/tags?post=15183"}],"curies":[{"name":"wp","href":"https:\/\/api.w.org\/{rel}","templated":true}]}}