{"id":15173,"date":"2025-10-20T11:21:35","date_gmt":"2025-10-20T14:21:35","guid":{"rendered":"https:\/\/elconquistadorredloslagos.cl\/test\/?p=15173"},"modified":"2025-10-20T11:21:35","modified_gmt":"2025-10-20T14:21:35","slug":"imputado-por-caso-de-torturas-en-hospital-san-jose-de-osorno-deja-la-carcel-y-cumple-arresto-domiciliario","status":"publish","type":"post","link":"https:\/\/elconquistadorredloslagos.cl\/test\/blog\/2025\/10\/20\/imputado-por-caso-de-torturas-en-hospital-san-jose-de-osorno-deja-la-carcel-y-cumple-arresto-domiciliario\/","title":{"rendered":"Imputado por caso de torturas en Hospital San Jos\u00e9 de Osorno deja la c\u00e1rcel y cumple arresto domiciliario"},"content":{"rendered":"\n<p>Un nuevo giro enfrenta la investigaci\u00f3n por presuntas torturas ocurridas en el Hospital San Jos\u00e9 de Osorno. El Juzgado de Garant\u00eda de la ciudad orden\u00f3 el cambio de medida cautelar para uno de los cuatro imputados, quien dej\u00f3 el recinto penal donde permanec\u00eda en prisi\u00f3n preventiva y ahora cumple arresto domiciliario total.<\/p>\n\n\n\n<p>La fiscal de R\u00edo Negro, Ana Mar\u00eda D\u00edaz, confirm\u00f3 que el Ministerio P\u00fablico respald\u00f3 la solicitud de la defensa para modificar las cautelares, por lo que todos los involucrados en la causa quedaron bajo las mismas condiciones judiciales.<\/p>\n\n\n\n<figure class=\"wp-block-audio\"><audio controls src=\"https:\/\/elconquistadorredloslagos.cl\/test\/wp-content\/uploads\/2025\/10\/1.mp3\"><\/audio><\/figure>\n\n\n\n<p>Consultada por eventuales nuevos antecedentes que incluir\u00edan registros fotogr\u00e1ficos y videos aportados por las defensas, la persecutora declin\u00f3 entregar detalles, se\u00f1alando que se trata de informaci\u00f3n sujeta a reserva.<\/p>\n\n\n\n<figure class=\"wp-block-audio\"><audio controls src=\"https:\/\/elconquistadorredloslagos.cl\/test\/wp-content\/uploads\/2025\/10\/2.mp3\"><\/audio><\/figure>\n\n\n\n<p>Desde el Instituto Nacional de Derechos Humanos, la abogada regional Milena S\u00e1nchez reiter\u00f3 la preocupaci\u00f3n del organismo ante el desarrollo del caso, que ha revelado deficiencias en los protocolos internos del hospital y cuestionamientos a la cultura laboral dentro del sistema p\u00fablico de salud.<\/p>\n\n\n\n<figure class=\"wp-block-audio\"><audio controls src=\"https:\/\/elconquistadorredloslagos.cl\/test\/wp-content\/uploads\/2025\/10\/3.mp3\"><\/audio><\/figure>\n\n\n\n<p>Los hechos investigados datan entre 2018 y 2020 y habr\u00edan afectado a un exfuncionario del \u00e1rea de inform\u00e1tica, quien denunci\u00f3 haber sido v\u00edctima de reiterados vej\u00e1menes por parte de sus compa\u00f1eros, posteriormente destituidos de sus cargos.<\/p>\n\n\n\n<p><\/p>\n","protected":false},"excerpt":{"rendered":"<p>Un nuevo giro enfrenta la investigaci\u00f3n por presuntas torturas ocurridas en el Hospital San Jos\u00e9 de Osorno. El Juzgado de Garant\u00eda de la ciudad orden\u00f3 el cambio de medida cautelar..<\/p>\n","protected":false},"author":2,"featured_media":15177,"comment_status":"closed","ping_status":"open","sticky":false,"template":"","format":"standard","meta":{"footnotes":""},"categories":[1,28,55],"tags":[],"class_list":["post-15173","post","type-post","status-publish","format-standard","has-post-thumbnail","hentry","category-acontecer","category-actual","category-osorno"],"rttpg_featured_image_url":{"full":["https:\/\/elconquistadorredloslagos.cl\/test\/wp-content\/uploads\/2025\/10\/img-60.jpg",1920,1080,false],"landscape":["https:\/\/elconquistadorredloslagos.cl\/test\/wp-content\/uploads\/2025\/10\/img-60.jpg",1920,1080,false],"portraits":["https:\/\/elconquistadorredloslagos.cl\/test\/wp-content\/uploads\/2025\/10\/img-60.jpg",1920,1080,false],"thumbnail":["https:\/\/elconquistadorredloslagos.cl\/test\/wp-content\/uploads\/2025\/10\/img-60-150x150.jpg",150,150,true],"medium":["https:\/\/elconquistadorredloslagos.cl\/test\/wp-content\/uploads\/2025\/10\/img-60-300x169.jpg",300,169,true],"large":["https:\/\/elconquistadorredloslagos.cl\/test\/wp-content\/uploads\/2025\/10\/img-60-1024x576.jpg",1024,576,true],"1536x1536":["https:\/\/elconquistadorredloslagos.cl\/test\/wp-content\/uploads\/2025\/10\/img-60-1536x864.jpg",1536,864,true],"2048x2048":["https:\/\/elconquistadorredloslagos.cl\/test\/wp-content\/uploads\/2025\/10\/img-60.jpg",1920,1080,false]},"rttpg_author":{"display_name":"ccardenas","author_link":"https:\/\/elconquistadorredloslagos.cl\/test\/blog\/author\/ccardenas\/"},"rttpg_comment":0,"rttpg_category":"<a href=\"https:\/\/elconquistadorredloslagos.cl\/test\/blog\/category\/actual\/acontecer\/\" rel=\"category tag\">Acontecer<\/a> <a href=\"https:\/\/elconquistadorredloslagos.cl\/test\/blog\/category\/actual\/\" rel=\"category tag\">Actualidad<\/a> <a href=\"https:\/\/elconquistadorredloslagos.cl\/test\/blog\/category\/chile\/osorno\/\" rel=\"category tag\">Osorno<\/a>","rttpg_excerpt":"Un nuevo giro enfrenta la investigaci\u00f3n por presuntas torturas ocurridas en el Hospital San Jos\u00e9 de Osorno. El Juzgado de Garant\u00eda de la ciudad orden\u00f3 el cambio de medida cautelar..","_links":{"self":[{"href":"https:\/\/elconquistadorredloslagos.cl\/test\/wp-json\/wp\/v2\/posts\/15173","targetHints":{"allow":["GET"]}}],"collection":[{"href":"https:\/\/elconquistadorredloslagos.cl\/test\/wp-json\/wp\/v2\/posts"}],"about":[{"href":"https:\/\/elconquistadorredloslagos.cl\/test\/wp-json\/wp\/v2\/types\/post"}],"author":[{"embeddable":true,"href":"https:\/\/elconquistadorredloslagos.cl\/test\/wp-json\/wp\/v2\/users\/2"}],"replies":[{"embeddable":true,"href":"https:\/\/elconquistadorredloslagos.cl\/test\/wp-json\/wp\/v2\/comments?post=15173"}],"version-history":[{"count":1,"href":"https:\/\/elconquistadorredloslagos.cl\/test\/wp-json\/wp\/v2\/posts\/15173\/revisions"}],"predecessor-version":[{"id":15178,"href":"https:\/\/elconquistadorredloslagos.cl\/test\/wp-json\/wp\/v2\/posts\/15173\/revisions\/15178"}],"wp:featuredmedia":[{"embeddable":true,"href":"https:\/\/elconquistadorredloslagos.cl\/test\/wp-json\/wp\/v2\/media\/15177"}],"wp:attachment":[{"href":"https:\/\/elconquistadorredloslagos.cl\/test\/wp-json\/wp\/v2\/media?parent=15173"}],"wp:term":[{"taxonomy":"category","embeddable":true,"href":"https:\/\/elconquistadorredloslagos.cl\/test\/wp-json\/wp\/v2\/categories?post=15173"},{"taxonomy":"post_tag","embeddable":true,"href":"https:\/\/elconquistadorredloslagos.cl\/test\/wp-json\/wp\/v2\/tags?post=15173"}],"curies":[{"name":"wp","href":"https:\/\/api.w.org\/{rel}","templated":true}]}}