{"id":15165,"date":"2025-10-20T10:28:11","date_gmt":"2025-10-20T13:28:11","guid":{"rendered":"https:\/\/elconquistadorredloslagos.cl\/test\/?p=15165"},"modified":"2025-10-20T10:28:11","modified_gmt":"2025-10-20T13:28:11","slug":"investigan-hallazgo-de-cuerpo-en-las-orillas-del-rio-damas-en-osorno","status":"publish","type":"post","link":"https:\/\/elconquistadorredloslagos.cl\/test\/blog\/2025\/10\/20\/investigan-hallazgo-de-cuerpo-en-las-orillas-del-rio-damas-en-osorno\/","title":{"rendered":"Investigan hallazgo de cuerpo en las orillas del R\u00edo Damas en Osorno"},"content":{"rendered":"\n<p>La Brigada de Homicidios (BH) de la Polic\u00eda de Investigaciones de Osorno, inici\u00f3 las diligencias para esclarecer el hallazgo de un cuerpo a orillas del R\u00edo Damas, durante la tarde de este domingo. El hecho se registr\u00f3 en las cercan\u00edas de la avenida C\u00e9sar Ercilla con calle Los Pellines, en la zona urbana de la comuna.<\/p>\n\n\n\n<p>Tras la alerta, personal policial se traslad\u00f3 al sitio del suceso para realizar las primeras pericias y determinar las circunstancias de la muerte. En paralelo, funcionarios del Servicio M\u00e9dico Legal llegaron hasta el lugar para efectuar el levantamiento del cuerpo y trasladarlo a sus dependencias, donde se practicar\u00e1 la autopsia correspondiente.<\/p>\n\n\n\n<p>Hasta el momento no se ha confirmado la identidad de la persona fallecida, ni las posibles causas de su deceso. La investigaci\u00f3n se mantiene en curso bajo la direcci\u00f3n del Ministerio P\u00fablico, mientras la PDI recopila testimonios y registros del sector para establecer si hubo intervenci\u00f3n de terceros.<\/p>\n\n\n\n<p>\ud83d\udcf7 Redes sociales<\/p>\n","protected":false},"excerpt":{"rendered":"<p>La Brigada de Homicidios (BH) de la Polic\u00eda de Investigaciones de Osorno, inici\u00f3 las diligencias para esclarecer el hallazgo de un cuerpo a orillas del R\u00edo Damas, durante la tarde..<\/p>\n","protected":false},"author":2,"featured_media":15166,"comment_status":"closed","ping_status":"open","sticky":false,"template":"","format":"standard","meta":{"footnotes":""},"categories":[1,28,55],"tags":[],"class_list":["post-15165","post","type-post","status-publish","format-standard","has-post-thumbnail","hentry","category-acontecer","category-actual","category-osorno"],"rttpg_featured_image_url":{"full":["https:\/\/elconquistadorredloslagos.cl\/test\/wp-content\/uploads\/2025\/10\/img-59.jpg",1920,1080,false],"landscape":["https:\/\/elconquistadorredloslagos.cl\/test\/wp-content\/uploads\/2025\/10\/img-59.jpg",1920,1080,false],"portraits":["https:\/\/elconquistadorredloslagos.cl\/test\/wp-content\/uploads\/2025\/10\/img-59.jpg",1920,1080,false],"thumbnail":["https:\/\/elconquistadorredloslagos.cl\/test\/wp-content\/uploads\/2025\/10\/img-59-150x150.jpg",150,150,true],"medium":["https:\/\/elconquistadorredloslagos.cl\/test\/wp-content\/uploads\/2025\/10\/img-59-300x169.jpg",300,169,true],"large":["https:\/\/elconquistadorredloslagos.cl\/test\/wp-content\/uploads\/2025\/10\/img-59-1024x576.jpg",1024,576,true],"1536x1536":["https:\/\/elconquistadorredloslagos.cl\/test\/wp-content\/uploads\/2025\/10\/img-59-1536x864.jpg",1536,864,true],"2048x2048":["https:\/\/elconquistadorredloslagos.cl\/test\/wp-content\/uploads\/2025\/10\/img-59.jpg",1920,1080,false]},"rttpg_author":{"display_name":"ccardenas","author_link":"https:\/\/elconquistadorredloslagos.cl\/test\/blog\/author\/ccardenas\/"},"rttpg_comment":0,"rttpg_category":"<a href=\"https:\/\/elconquistadorredloslagos.cl\/test\/blog\/category\/actual\/acontecer\/\" rel=\"category tag\">Acontecer<\/a> <a href=\"https:\/\/elconquistadorredloslagos.cl\/test\/blog\/category\/actual\/\" rel=\"category tag\">Actualidad<\/a> <a href=\"https:\/\/elconquistadorredloslagos.cl\/test\/blog\/category\/chile\/osorno\/\" rel=\"category tag\">Osorno<\/a>","rttpg_excerpt":"La Brigada de Homicidios (BH) de la Polic\u00eda de Investigaciones de Osorno, inici\u00f3 las diligencias para esclarecer el hallazgo de un cuerpo a orillas del R\u00edo Damas, durante la tarde..","_links":{"self":[{"href":"https:\/\/elconquistadorredloslagos.cl\/test\/wp-json\/wp\/v2\/posts\/15165","targetHints":{"allow":["GET"]}}],"collection":[{"href":"https:\/\/elconquistadorredloslagos.cl\/test\/wp-json\/wp\/v2\/posts"}],"about":[{"href":"https:\/\/elconquistadorredloslagos.cl\/test\/wp-json\/wp\/v2\/types\/post"}],"author":[{"embeddable":true,"href":"https:\/\/elconquistadorredloslagos.cl\/test\/wp-json\/wp\/v2\/users\/2"}],"replies":[{"embeddable":true,"href":"https:\/\/elconquistadorredloslagos.cl\/test\/wp-json\/wp\/v2\/comments?post=15165"}],"version-history":[{"count":1,"href":"https:\/\/elconquistadorredloslagos.cl\/test\/wp-json\/wp\/v2\/posts\/15165\/revisions"}],"predecessor-version":[{"id":15167,"href":"https:\/\/elconquistadorredloslagos.cl\/test\/wp-json\/wp\/v2\/posts\/15165\/revisions\/15167"}],"wp:featuredmedia":[{"embeddable":true,"href":"https:\/\/elconquistadorredloslagos.cl\/test\/wp-json\/wp\/v2\/media\/15166"}],"wp:attachment":[{"href":"https:\/\/elconquistadorredloslagos.cl\/test\/wp-json\/wp\/v2\/media?parent=15165"}],"wp:term":[{"taxonomy":"category","embeddable":true,"href":"https:\/\/elconquistadorredloslagos.cl\/test\/wp-json\/wp\/v2\/categories?post=15165"},{"taxonomy":"post_tag","embeddable":true,"href":"https:\/\/elconquistadorredloslagos.cl\/test\/wp-json\/wp\/v2\/tags?post=15165"}],"curies":[{"name":"wp","href":"https:\/\/api.w.org\/{rel}","templated":true}]}}